{"id":9752,"date":"2022-07-29T09:44:50","date_gmt":"2022-07-29T08:44:50","guid":{"rendered":"https:\/\/www.mydatec.com\/?p=9752"},"modified":"2022-07-29T09:54:15","modified_gmt":"2022-07-29T08:54:15","slug":"remplacement-de-votre-vmc-il-est-temps","status":"publish","type":"post","link":"https:\/\/www.mydatec.com\/fr\/remplacement-de-votre-vmc-il-est-temps\/","title":{"rendered":"Remplacement de votre VMC : il est temps !"},"content":{"rendered":"<p>Un syst\u00e8me vieillissant, une panne ou le besoin d\u2019avoir un syst\u00e8me v\u00e9ritablement optimal : nous avons la solution pour votre <a href=\"https:\/\/www.mydatec.com\/fr\/applications-vmc-thermodynamique-mydatec-vmc-maison-neuve\/\">remplacement<\/a> de VMC !<\/p>\n<p>MyDATEC vous propose une offre compl\u00e8te, pr\u00eate-\u00e0-poser avec un <a href=\"https:\/\/www.mydatec.com\/fr\/applications-vmc-thermodynamique-mydatec-vmc-maison-neuve\/\">kit d\u2019adaptation sp\u00e9cifique<\/a> en lieu et place de votre ancien syst\u00e8me.<\/p>\n<p>De nombreux \u00e9quipements sont rempla\u00e7ables tels que :<\/p>\n<p><img decoding=\"async\" class=\"alignnone wp-image-9753\" src=\"https:\/\/www.mydatec.com\/wp-content\/uploads\/2022\/07\/liste-remplacement-1-1-202x300.png\" alt=\"\" width=\"212\" height=\"315\" srcset=\"https:\/\/www.mydatec.com\/wp-content\/uploads\/2022\/07\/liste-remplacement-1-1-200x297.png 200w, https:\/\/www.mydatec.com\/wp-content\/uploads\/2022\/07\/liste-remplacement-1-1-202x300.png 202w, https:\/\/www.mydatec.com\/wp-content\/uploads\/2022\/07\/liste-remplacement-1-1-400x594.png 400w, https:\/\/www.mydatec.com\/wp-content\/uploads\/2022\/07\/liste-remplacement-1-1.png 464w\" sizes=\"(max-width: 212px) 100vw, 212px\" \/><\/p>\n<p>Votre syst\u00e8me actuel n\u2019est pas dans la liste ci-dessus, nous avons s\u00fbrement une solution \u00e0 vous proposer pour votre remplacement\u00a0!<\/p>\n<p>Vous souhaitez en savoir plus sur notre solution de remplacement\u00a0? <a href=\"https:\/\/www.mydatec.com\/fr\/mydatec-demande-de-devis-vmc\/\">Contactez-vous\u00a0!\u00a0<\/a><\/p>\n","protected":false},"excerpt":{"rendered":"<p>Un syst\u00e8me vieillissant, une panne ou le besoin d\u2019avoir un syst\u00e8me v\u00e9ritablement optimal : nous avons la solution pour votre remplacement de VMC ! MyDATEC  [&#8230;]<\/p>\n","protected":false},"author":10,"featured_media":0,"comment_status":"closed","ping_status":"open","sticky":false,"template":"","format":"standard","meta":{"footnotes":""},"categories":[1],"tags":[],"class_list":["post-9752","post","type-post","status-publish","format-standard","hentry","category-non-classifiee"],"yoast_head":"<!-- This site is optimized with the Yoast SEO plugin v27.5 - https:\/\/yoast.com\/product\/yoast-seo-wordpress\/ -->\n<title>Remplacement de votre VMC : il est temps ! -<\/title>\n<meta name=\"robots\" content=\"index, follow, max-snippet:-1, max-image-preview:large, max-video-preview:-1\" \/>\n<link rel=\"canonical\" href=\"https:\/\/www.mydatec.com\/fr\/remplacement-de-votre-vmc-il-est-temps\/\" \/>\n<meta property=\"og:locale\" content=\"fr_FR\" \/>\n<meta property=\"og:type\" content=\"article\" \/>\n<meta property=\"og:title\" content=\"Remplacement de votre VMC : il est temps ! -\" \/>\n<meta property=\"og:description\" content=\"Un syst\u00e8me vieillissant, une panne ou le besoin d\u2019avoir un syst\u00e8me v\u00e9ritablement optimal : nous avons la solution pour votre remplacement de VMC ! MyDATEC [...]\" \/>\n<meta property=\"og:url\" content=\"https:\/\/www.mydatec.com\/fr\/remplacement-de-votre-vmc-il-est-temps\/\" \/>\n<meta property=\"og:site_name\" content=\"MyDATEC\" \/>\n<meta property=\"article:published_time\" content=\"2022-07-29T08:44:50+00:00\" \/>\n<meta property=\"article:modified_time\" content=\"2022-07-29T08:54:15+00:00\" \/>\n<meta property=\"og:image\" content=\"https:\/\/www.mydatec.com\/wp-content\/uploads\/2022\/07\/liste-remplacement-1-1-202x300.png\" \/>\n<meta name=\"author\" content=\"adminAVGirod\" \/>\n<meta name=\"twitter:label1\" content=\"\u00c9crit par\" \/>\n\t<meta name=\"twitter:data1\" content=\"adminAVGirod\" \/>\n<script type=\"application\/ld+json\" class=\"yoast-schema-graph\">{\"@context\":\"https:\\\/\\\/schema.org\",\"@graph\":[{\"@type\":\"Article\",\"@id\":\"https:\\\/\\\/www.mydatec.com\\\/fr\\\/remplacement-de-votre-vmc-il-est-temps\\\/#article\",\"isPartOf\":{\"@id\":\"https:\\\/\\\/www.mydatec.com\\\/fr\\\/remplacement-de-votre-vmc-il-est-temps\\\/\"},\"author\":{\"name\":\"adminAVGirod\",\"@id\":\"https:\\\/\\\/www.mydatec.com\\\/fr\\\/#\\\/schema\\\/person\\\/d8b1ffc349ffd83b58150649c621ac9d\"},\"headline\":\"Remplacement de votre VMC : il est temps !\",\"datePublished\":\"2022-07-29T08:44:50+00:00\",\"dateModified\":\"2022-07-29T08:54:15+00:00\",\"mainEntityOfPage\":{\"@id\":\"https:\\\/\\\/www.mydatec.com\\\/fr\\\/remplacement-de-votre-vmc-il-est-temps\\\/\"},\"wordCount\":100,\"publisher\":{\"@id\":\"https:\\\/\\\/www.mydatec.com\\\/fr\\\/#organization\"},\"image\":{\"@id\":\"https:\\\/\\\/www.mydatec.com\\\/fr\\\/remplacement-de-votre-vmc-il-est-temps\\\/#primaryimage\"},\"thumbnailUrl\":\"https:\\\/\\\/www.mydatec.com\\\/wp-content\\\/uploads\\\/2022\\\/07\\\/liste-remplacement-1-1-202x300.png\",\"articleSection\":[\"Non classifi\u00e9(e)\"],\"inLanguage\":\"fr-FR\"},{\"@type\":\"WebPage\",\"@id\":\"https:\\\/\\\/www.mydatec.com\\\/fr\\\/remplacement-de-votre-vmc-il-est-temps\\\/\",\"url\":\"https:\\\/\\\/www.mydatec.com\\\/fr\\\/remplacement-de-votre-vmc-il-est-temps\\\/\",\"name\":\"Remplacement de votre VMC : il est temps ! -\",\"isPartOf\":{\"@id\":\"https:\\\/\\\/www.mydatec.com\\\/fr\\\/#website\"},\"primaryImageOfPage\":{\"@id\":\"https:\\\/\\\/www.mydatec.com\\\/fr\\\/remplacement-de-votre-vmc-il-est-temps\\\/#primaryimage\"},\"image\":{\"@id\":\"https:\\\/\\\/www.mydatec.com\\\/fr\\\/remplacement-de-votre-vmc-il-est-temps\\\/#primaryimage\"},\"thumbnailUrl\":\"https:\\\/\\\/www.mydatec.com\\\/wp-content\\\/uploads\\\/2022\\\/07\\\/liste-remplacement-1-1-202x300.png\",\"datePublished\":\"2022-07-29T08:44:50+00:00\",\"dateModified\":\"2022-07-29T08:54:15+00:00\",\"breadcrumb\":{\"@id\":\"https:\\\/\\\/www.mydatec.com\\\/fr\\\/remplacement-de-votre-vmc-il-est-temps\\\/#breadcrumb\"},\"inLanguage\":\"fr-FR\",\"potentialAction\":[{\"@type\":\"ReadAction\",\"target\":[\"https:\\\/\\\/www.mydatec.com\\\/fr\\\/remplacement-de-votre-vmc-il-est-temps\\\/\"]}]},{\"@type\":\"ImageObject\",\"inLanguage\":\"fr-FR\",\"@id\":\"https:\\\/\\\/www.mydatec.com\\\/fr\\\/remplacement-de-votre-vmc-il-est-temps\\\/#primaryimage\",\"url\":\"https:\\\/\\\/www.mydatec.com\\\/wp-content\\\/uploads\\\/2022\\\/07\\\/liste-remplacement-1-1-202x300.png\",\"contentUrl\":\"https:\\\/\\\/www.mydatec.com\\\/wp-content\\\/uploads\\\/2022\\\/07\\\/liste-remplacement-1-1-202x300.png\"},{\"@type\":\"BreadcrumbList\",\"@id\":\"https:\\\/\\\/www.mydatec.com\\\/fr\\\/remplacement-de-votre-vmc-il-est-temps\\\/#breadcrumb\",\"itemListElement\":[{\"@type\":\"ListItem\",\"position\":1,\"name\":\"Accueil\",\"item\":\"https:\\\/\\\/www.mydatec.com\\\/fr\\\/\"},{\"@type\":\"ListItem\",\"position\":2,\"name\":\"Remplacement de votre VMC : il est temps !\"}]},{\"@type\":\"WebSite\",\"@id\":\"https:\\\/\\\/www.mydatec.com\\\/fr\\\/#website\",\"url\":\"https:\\\/\\\/www.mydatec.com\\\/fr\\\/\",\"name\":\"MyDATEC\",\"description\":\"La solution thermodynamique\",\"publisher\":{\"@id\":\"https:\\\/\\\/www.mydatec.com\\\/fr\\\/#organization\"},\"potentialAction\":[{\"@type\":\"SearchAction\",\"target\":{\"@type\":\"EntryPoint\",\"urlTemplate\":\"https:\\\/\\\/www.mydatec.com\\\/fr\\\/?s={search_term_string}\"},\"query-input\":{\"@type\":\"PropertyValueSpecification\",\"valueRequired\":true,\"valueName\":\"search_term_string\"}}],\"inLanguage\":\"fr-FR\"},{\"@type\":\"Organization\",\"@id\":\"https:\\\/\\\/www.mydatec.com\\\/fr\\\/#organization\",\"name\":\"MyDatec\",\"url\":\"https:\\\/\\\/www.mydatec.com\\\/fr\\\/\",\"logo\":{\"@type\":\"ImageObject\",\"inLanguage\":\"fr-FR\",\"@id\":\"https:\\\/\\\/www.mydatec.com\\\/fr\\\/#\\\/schema\\\/logo\\\/image\\\/\",\"url\":\"https:\\\/\\\/www.mydatec.com\\\/wp-content\\\/uploads\\\/2022\\\/01\\\/logo-mydatec.jpg\",\"contentUrl\":\"https:\\\/\\\/www.mydatec.com\\\/wp-content\\\/uploads\\\/2022\\\/01\\\/logo-mydatec.jpg\",\"width\":434,\"height\":351,\"caption\":\"MyDatec\"},\"image\":{\"@id\":\"https:\\\/\\\/www.mydatec.com\\\/fr\\\/#\\\/schema\\\/logo\\\/image\\\/\"},\"sameAs\":[\"http:\\\/\\\/www.linkedin.com\\\/in\\\/MyDATEC\"]},{\"@type\":\"Person\",\"@id\":\"https:\\\/\\\/www.mydatec.com\\\/fr\\\/#\\\/schema\\\/person\\\/d8b1ffc349ffd83b58150649c621ac9d\",\"name\":\"adminAVGirod\",\"image\":{\"@type\":\"ImageObject\",\"inLanguage\":\"fr-FR\",\"@id\":\"https:\\\/\\\/secure.gravatar.com\\\/avatar\\\/0288bf569c4984a4d12d8f5db5d166f2c7fa0e474024febe375cd07e3a10a661?s=96&d=mm&r=g\",\"url\":\"https:\\\/\\\/secure.gravatar.com\\\/avatar\\\/0288bf569c4984a4d12d8f5db5d166f2c7fa0e474024febe375cd07e3a10a661?s=96&d=mm&r=g\",\"contentUrl\":\"https:\\\/\\\/secure.gravatar.com\\\/avatar\\\/0288bf569c4984a4d12d8f5db5d166f2c7fa0e474024febe375cd07e3a10a661?s=96&d=mm&r=g\",\"caption\":\"adminAVGirod\"}}]}<\/script>\n<!-- \/ Yoast SEO plugin. -->","yoast_head_json":{"title":"Remplacement de votre VMC : il est temps ! -","robots":{"index":"index","follow":"follow","max-snippet":"max-snippet:-1","max-image-preview":"max-image-preview:large","max-video-preview":"max-video-preview:-1"},"canonical":"https:\/\/www.mydatec.com\/fr\/remplacement-de-votre-vmc-il-est-temps\/","og_locale":"fr_FR","og_type":"article","og_title":"Remplacement de votre VMC : il est temps ! -","og_description":"Un syst\u00e8me vieillissant, une panne ou le besoin d\u2019avoir un syst\u00e8me v\u00e9ritablement optimal : nous avons la solution pour votre remplacement de VMC ! MyDATEC [...]","og_url":"https:\/\/www.mydatec.com\/fr\/remplacement-de-votre-vmc-il-est-temps\/","og_site_name":"MyDATEC","article_published_time":"2022-07-29T08:44:50+00:00","article_modified_time":"2022-07-29T08:54:15+00:00","og_image":[{"url":"https:\/\/www.mydatec.com\/wp-content\/uploads\/2022\/07\/liste-remplacement-1-1-202x300.png","type":"","width":"","height":""}],"author":"adminAVGirod","twitter_misc":{"\u00c9crit par":"adminAVGirod"},"schema":{"@context":"https:\/\/schema.org","@graph":[{"@type":"Article","@id":"https:\/\/www.mydatec.com\/fr\/remplacement-de-votre-vmc-il-est-temps\/#article","isPartOf":{"@id":"https:\/\/www.mydatec.com\/fr\/remplacement-de-votre-vmc-il-est-temps\/"},"author":{"name":"adminAVGirod","@id":"https:\/\/www.mydatec.com\/fr\/#\/schema\/person\/d8b1ffc349ffd83b58150649c621ac9d"},"headline":"Remplacement de votre VMC : il est temps !","datePublished":"2022-07-29T08:44:50+00:00","dateModified":"2022-07-29T08:54:15+00:00","mainEntityOfPage":{"@id":"https:\/\/www.mydatec.com\/fr\/remplacement-de-votre-vmc-il-est-temps\/"},"wordCount":100,"publisher":{"@id":"https:\/\/www.mydatec.com\/fr\/#organization"},"image":{"@id":"https:\/\/www.mydatec.com\/fr\/remplacement-de-votre-vmc-il-est-temps\/#primaryimage"},"thumbnailUrl":"https:\/\/www.mydatec.com\/wp-content\/uploads\/2022\/07\/liste-remplacement-1-1-202x300.png","articleSection":["Non classifi\u00e9(e)"],"inLanguage":"fr-FR"},{"@type":"WebPage","@id":"https:\/\/www.mydatec.com\/fr\/remplacement-de-votre-vmc-il-est-temps\/","url":"https:\/\/www.mydatec.com\/fr\/remplacement-de-votre-vmc-il-est-temps\/","name":"Remplacement de votre VMC : il est temps ! -","isPartOf":{"@id":"https:\/\/www.mydatec.com\/fr\/#website"},"primaryImageOfPage":{"@id":"https:\/\/www.mydatec.com\/fr\/remplacement-de-votre-vmc-il-est-temps\/#primaryimage"},"image":{"@id":"https:\/\/www.mydatec.com\/fr\/remplacement-de-votre-vmc-il-est-temps\/#primaryimage"},"thumbnailUrl":"https:\/\/www.mydatec.com\/wp-content\/uploads\/2022\/07\/liste-remplacement-1-1-202x300.png","datePublished":"2022-07-29T08:44:50+00:00","dateModified":"2022-07-29T08:54:15+00:00","breadcrumb":{"@id":"https:\/\/www.mydatec.com\/fr\/remplacement-de-votre-vmc-il-est-temps\/#breadcrumb"},"inLanguage":"fr-FR","potentialAction":[{"@type":"ReadAction","target":["https:\/\/www.mydatec.com\/fr\/remplacement-de-votre-vmc-il-est-temps\/"]}]},{"@type":"ImageObject","inLanguage":"fr-FR","@id":"https:\/\/www.mydatec.com\/fr\/remplacement-de-votre-vmc-il-est-temps\/#primaryimage","url":"https:\/\/www.mydatec.com\/wp-content\/uploads\/2022\/07\/liste-remplacement-1-1-202x300.png","contentUrl":"https:\/\/www.mydatec.com\/wp-content\/uploads\/2022\/07\/liste-remplacement-1-1-202x300.png"},{"@type":"BreadcrumbList","@id":"https:\/\/www.mydatec.com\/fr\/remplacement-de-votre-vmc-il-est-temps\/#breadcrumb","itemListElement":[{"@type":"ListItem","position":1,"name":"Accueil","item":"https:\/\/www.mydatec.com\/fr\/"},{"@type":"ListItem","position":2,"name":"Remplacement de votre VMC : il est temps !"}]},{"@type":"WebSite","@id":"https:\/\/www.mydatec.com\/fr\/#website","url":"https:\/\/www.mydatec.com\/fr\/","name":"MyDATEC","description":"La solution thermodynamique","publisher":{"@id":"https:\/\/www.mydatec.com\/fr\/#organization"},"potentialAction":[{"@type":"SearchAction","target":{"@type":"EntryPoint","urlTemplate":"https:\/\/www.mydatec.com\/fr\/?s={search_term_string}"},"query-input":{"@type":"PropertyValueSpecification","valueRequired":true,"valueName":"search_term_string"}}],"inLanguage":"fr-FR"},{"@type":"Organization","@id":"https:\/\/www.mydatec.com\/fr\/#organization","name":"MyDatec","url":"https:\/\/www.mydatec.com\/fr\/","logo":{"@type":"ImageObject","inLanguage":"fr-FR","@id":"https:\/\/www.mydatec.com\/fr\/#\/schema\/logo\/image\/","url":"https:\/\/www.mydatec.com\/wp-content\/uploads\/2022\/01\/logo-mydatec.jpg","contentUrl":"https:\/\/www.mydatec.com\/wp-content\/uploads\/2022\/01\/logo-mydatec.jpg","width":434,"height":351,"caption":"MyDatec"},"image":{"@id":"https:\/\/www.mydatec.com\/fr\/#\/schema\/logo\/image\/"},"sameAs":["http:\/\/www.linkedin.com\/in\/MyDATEC"]},{"@type":"Person","@id":"https:\/\/www.mydatec.com\/fr\/#\/schema\/person\/d8b1ffc349ffd83b58150649c621ac9d","name":"adminAVGirod","image":{"@type":"ImageObject","inLanguage":"fr-FR","@id":"https:\/\/secure.gravatar.com\/avatar\/0288bf569c4984a4d12d8f5db5d166f2c7fa0e474024febe375cd07e3a10a661?s=96&d=mm&r=g","url":"https:\/\/secure.gravatar.com\/avatar\/0288bf569c4984a4d12d8f5db5d166f2c7fa0e474024febe375cd07e3a10a661?s=96&d=mm&r=g","contentUrl":"https:\/\/secure.gravatar.com\/avatar\/0288bf569c4984a4d12d8f5db5d166f2c7fa0e474024febe375cd07e3a10a661?s=96&d=mm&r=g","caption":"adminAVGirod"}}]}},"_links":{"self":[{"href":"https:\/\/www.mydatec.com\/fr\/wp-json\/wp\/v2\/posts\/9752","targetHints":{"allow":["GET"]}}],"collection":[{"href":"https:\/\/www.mydatec.com\/fr\/wp-json\/wp\/v2\/posts"}],"about":[{"href":"https:\/\/www.mydatec.com\/fr\/wp-json\/wp\/v2\/types\/post"}],"author":[{"embeddable":true,"href":"https:\/\/www.mydatec.com\/fr\/wp-json\/wp\/v2\/users\/10"}],"replies":[{"embeddable":true,"href":"https:\/\/www.mydatec.com\/fr\/wp-json\/wp\/v2\/comments?post=9752"}],"version-history":[{"count":3,"href":"https:\/\/www.mydatec.com\/fr\/wp-json\/wp\/v2\/posts\/9752\/revisions"}],"predecessor-version":[{"id":9759,"href":"https:\/\/www.mydatec.com\/fr\/wp-json\/wp\/v2\/posts\/9752\/revisions\/9759"}],"wp:attachment":[{"href":"https:\/\/www.mydatec.com\/fr\/wp-json\/wp\/v2\/media?parent=9752"}],"wp:term":[{"taxonomy":"category","embeddable":true,"href":"https:\/\/www.mydatec.com\/fr\/wp-json\/wp\/v2\/categories?post=9752"},{"taxonomy":"post_tag","embeddable":true,"href":"https:\/\/www.mydatec.com\/fr\/wp-json\/wp\/v2\/tags?post=9752"}],"curies":[{"name":"wp","href":"https:\/\/api.w.org\/{rel}","templated":true}]}}