{"id":7281,"date":"2021-12-20T12:52:29","date_gmt":"2021-12-20T11:52:29","guid":{"rendered":"https:\/\/www.mydatec.com\/?p=7281"},"modified":"2021-12-21T07:35:56","modified_gmt":"2021-12-21T06:35:56","slug":"pompe-a-chaleur-air-air","status":"publish","type":"post","link":"https:\/\/www.mydatec.com\/fr\/pompe-a-chaleur-air-air\/","title":{"rendered":"Pompe \u00e0 chaleur air\/air"},"content":{"rendered":"<div class=\"fusion-fullwidth fullwidth-box fusion-builder-row-1 fusion-flex-container nonhundred-percent-fullwidth non-hundred-percent-height-scrolling ctnr-simple\" style=\"--awb-border-radius-top-left:0px;--awb-border-radius-top-right:0px;--awb-border-radius-bottom-right:0px;--awb-border-radius-bottom-left:0px;--awb-flex-wrap:wrap;\" ><div class=\"fusion-builder-row fusion-row fusion-flex-align-items-center fusion-flex-justify-content-center fusion-flex-content-wrap\" style=\"max-width:1144px;margin-left: calc(-4% \/ 2 );margin-right: calc(-4% \/ 2 );\"><div class=\"fusion-layout-column fusion_builder_column fusion-builder-column-0 fusion_builder_column_1_1 1_1 fusion-flex-column col-inside\" style=\"--awb-bg-size:cover;--awb-width-large:100%;--awb-margin-top-large:0px;--awb-spacing-right-large:1.92%;--awb-margin-bottom-large:20px;--awb-spacing-left-large:1.92%;--awb-width-medium:100%;--awb-order-medium:0;--awb-spacing-right-medium:1.92%;--awb-spacing-left-medium:1.92%;--awb-width-small:100%;--awb-order-small:0;--awb-spacing-right-small:1.92%;--awb-spacing-left-small:1.92%;\"><div class=\"fusion-column-wrapper fusion-column-has-shadow fusion-flex-justify-content-center fusion-content-layout-column\"><div class=\"fusion-text fusion-text-1\" style=\"--awb-text-transform:none;\"><p>Souffelweyersheim (67460)<\/p>\n<p>Type de projet : Remplacement<\/p>\n<p>Bonjour,<\/p>\n<p>J\u2019ai construit en 1978, \u00e9poque o\u00f9 j\u2019avais opt\u00e9 pour le chauffage tout \u00e9lectrique avec une pompe \u00e0 chaleur air\/air inclue dans un syst\u00e8me de ventilation m\u00e9canique contr\u00f4l\u00e9 (VMC). Cette PAC m\u2019a l\u00e2ch\u00e9 durant l\u2019hiver 2006. J\u2019ai eu beaucoup de mal a trouv\u00e9 un \u00e9quivalent. C\u2019est en t\u00e9l\u00e9phonant \u00e0 tous les fabricants de PAC qu\u2019une personne m\u2019a aiguill\u00e9 vers votre entreprise au premier trimestre 2007.<\/p>\n<p>Le premier contact avec vous m\u2019a de suite convaincu de votre comp\u00e9tence. Les futurs \u00e9changes t\u00e9l\u00e9phoniques et par mails avec photos des lieux m\u2019ont permis de concevoir avec vous une installation tout \u00e0 fait personnelle et in\u00e9dite dont je suis tr\u00e8s satisfait.<\/p>\n<p>Comme je suis bricoleur, le montage ne m\u2019a pos\u00e9 aucun souci mis \u00e0 part quelques probl\u00e8mes d\u2019adaptation des bouches sur le toit. Pour le montage de la PAC tout \u00e9tait tr\u00e8s bien rep\u00e9r\u00e9, m\u00eame un novice pouvait s\u2019en sortir.<\/p>\n<p>J\u2019attends la facture d\u2019\u00e9lectricit\u00e9 \u00e0 la fin du mois pour dresser le bilan \u00e9nerg\u00e9tique comparatif par rapport la m\u00eame p\u00e9riode de fonctionnement que l\u2019ancienne.<\/p>\n<p>J\u2019ai n\u00e9anmoins fait quelques mesures de temp\u00e9rature d\u2019air inject\u00e9e dans la pi\u00e8ce par rapport \u00e0 la temp\u00e9rature ext\u00e9rieure et je suis arriv\u00e9 \u00e0 un degr\u00e9 pr\u00e8s aux m\u00eames valeurs qu\u2019avec l\u2019ancienne. Mais comme le d\u00e9bit est sup\u00e9rieur, le rendement global devrait \u00eatre meilleur. Mais le contre coup du d\u00e9bit sup\u00e9rieur est l\u2019augmentation du bruit de la ventilation. Dernier point qui ne m\u2019a pas convaincu cet \u00e9t\u00e9 c\u2019est le passage en climatisation. Je l\u2019ai mise en route quand la temp\u00e9rature int\u00e9rieure a atteint 26 degr\u00e9s et apr\u00e8s un jour de fonctionnement je ne suis pas arriv\u00e9 \u00e0 faire chuter la temp\u00e9rature.<\/p>\n<p>Peut-\u00eatre aurai-je d\u00fb la mettre en route plus t\u00f4t ? Prochain essai en \u00e9t\u00e9 2009.<\/p>\n<p>Je vous joint une photo de l\u2019installation finale avec isolation suppl\u00e9mentaire.<\/p>\n<p>Encore merci \u00e0 toute l\u2019\u00e9quipe pour votre pr\u00e9cieuse collaboration.<\/p>\n<p>Cordialement<\/p>\n<p>R\u00e9my ********<\/p>\n<\/div><\/div><\/div><\/div><\/div>\n","protected":false},"excerpt":{"rendered":"","protected":false},"author":6,"featured_media":0,"comment_status":"closed","ping_status":"open","sticky":false,"template":"","format":"standard","meta":{"footnotes":""},"categories":[391],"tags":[],"class_list":["post-7281","post","type-post","status-publish","format-standard","hentry","category-reference"],"yoast_head":"<!-- This site is optimized with the Yoast SEO plugin v27.5 - https:\/\/yoast.com\/product\/yoast-seo-wordpress\/ -->\n<title>Pompe \u00e0 chaleur air\/air -<\/title>\n<meta name=\"robots\" content=\"index, follow, max-snippet:-1, max-image-preview:large, max-video-preview:-1\" \/>\n<link rel=\"canonical\" href=\"https:\/\/www.mydatec.com\/fr\/pompe-a-chaleur-air-air\/\" \/>\n<meta property=\"og:locale\" content=\"fr_FR\" \/>\n<meta property=\"og:type\" content=\"article\" \/>\n<meta property=\"og:title\" content=\"Pompe \u00e0 chaleur air\/air -\" \/>\n<meta property=\"og:url\" content=\"https:\/\/www.mydatec.com\/fr\/pompe-a-chaleur-air-air\/\" \/>\n<meta property=\"og:site_name\" content=\"MyDATEC\" \/>\n<meta property=\"article:published_time\" content=\"2021-12-20T11:52:29+00:00\" \/>\n<meta property=\"article:modified_time\" content=\"2021-12-21T06:35:56+00:00\" \/>\n<meta name=\"author\" content=\"Adesio\" \/>\n<meta name=\"twitter:label1\" content=\"\u00c9crit par\" \/>\n\t<meta name=\"twitter:data1\" content=\"Adesio\" \/>\n\t<meta name=\"twitter:label2\" content=\"Dur\u00e9e de lecture estim\u00e9e\" \/>\n\t<meta name=\"twitter:data2\" content=\"5 minutes\" \/>\n<script type=\"application\/ld+json\" class=\"yoast-schema-graph\">{\"@context\":\"https:\\\/\\\/schema.org\",\"@graph\":[{\"@type\":\"Article\",\"@id\":\"https:\\\/\\\/www.mydatec.com\\\/fr\\\/pompe-a-chaleur-air-air\\\/#article\",\"isPartOf\":{\"@id\":\"https:\\\/\\\/www.mydatec.com\\\/fr\\\/pompe-a-chaleur-air-air\\\/\"},\"author\":{\"name\":\"Adesio\",\"@id\":\"https:\\\/\\\/www.mydatec.com\\\/fr\\\/#\\\/schema\\\/person\\\/8a955a8b03b4633336dc88624c72d23b\"},\"headline\":\"Pompe \u00e0 chaleur air\\\/air\",\"datePublished\":\"2021-12-20T11:52:29+00:00\",\"dateModified\":\"2021-12-21T06:35:56+00:00\",\"mainEntityOfPage\":{\"@id\":\"https:\\\/\\\/www.mydatec.com\\\/fr\\\/pompe-a-chaleur-air-air\\\/\"},\"wordCount\":1036,\"publisher\":{\"@id\":\"https:\\\/\\\/www.mydatec.com\\\/fr\\\/#organization\"},\"articleSection\":[\"R\u00e9f\u00e9rence\"],\"inLanguage\":\"fr-FR\"},{\"@type\":\"WebPage\",\"@id\":\"https:\\\/\\\/www.mydatec.com\\\/fr\\\/pompe-a-chaleur-air-air\\\/\",\"url\":\"https:\\\/\\\/www.mydatec.com\\\/fr\\\/pompe-a-chaleur-air-air\\\/\",\"name\":\"Pompe \u00e0 chaleur air\\\/air -\",\"isPartOf\":{\"@id\":\"https:\\\/\\\/www.mydatec.com\\\/fr\\\/#website\"},\"datePublished\":\"2021-12-20T11:52:29+00:00\",\"dateModified\":\"2021-12-21T06:35:56+00:00\",\"breadcrumb\":{\"@id\":\"https:\\\/\\\/www.mydatec.com\\\/fr\\\/pompe-a-chaleur-air-air\\\/#breadcrumb\"},\"inLanguage\":\"fr-FR\",\"potentialAction\":[{\"@type\":\"ReadAction\",\"target\":[\"https:\\\/\\\/www.mydatec.com\\\/fr\\\/pompe-a-chaleur-air-air\\\/\"]}]},{\"@type\":\"BreadcrumbList\",\"@id\":\"https:\\\/\\\/www.mydatec.com\\\/fr\\\/pompe-a-chaleur-air-air\\\/#breadcrumb\",\"itemListElement\":[{\"@type\":\"ListItem\",\"position\":1,\"name\":\"Accueil\",\"item\":\"https:\\\/\\\/www.mydatec.com\\\/fr\\\/\"},{\"@type\":\"ListItem\",\"position\":2,\"name\":\"Pompe \u00e0 chaleur air\\\/air\"}]},{\"@type\":\"WebSite\",\"@id\":\"https:\\\/\\\/www.mydatec.com\\\/fr\\\/#website\",\"url\":\"https:\\\/\\\/www.mydatec.com\\\/fr\\\/\",\"name\":\"MyDATEC\",\"description\":\"La solution thermodynamique\",\"publisher\":{\"@id\":\"https:\\\/\\\/www.mydatec.com\\\/fr\\\/#organization\"},\"potentialAction\":[{\"@type\":\"SearchAction\",\"target\":{\"@type\":\"EntryPoint\",\"urlTemplate\":\"https:\\\/\\\/www.mydatec.com\\\/fr\\\/?s={search_term_string}\"},\"query-input\":{\"@type\":\"PropertyValueSpecification\",\"valueRequired\":true,\"valueName\":\"search_term_string\"}}],\"inLanguage\":\"fr-FR\"},{\"@type\":\"Organization\",\"@id\":\"https:\\\/\\\/www.mydatec.com\\\/fr\\\/#organization\",\"name\":\"MyDatec\",\"url\":\"https:\\\/\\\/www.mydatec.com\\\/fr\\\/\",\"logo\":{\"@type\":\"ImageObject\",\"inLanguage\":\"fr-FR\",\"@id\":\"https:\\\/\\\/www.mydatec.com\\\/fr\\\/#\\\/schema\\\/logo\\\/image\\\/\",\"url\":\"https:\\\/\\\/www.mydatec.com\\\/wp-content\\\/uploads\\\/2022\\\/01\\\/logo-mydatec.jpg\",\"contentUrl\":\"https:\\\/\\\/www.mydatec.com\\\/wp-content\\\/uploads\\\/2022\\\/01\\\/logo-mydatec.jpg\",\"width\":434,\"height\":351,\"caption\":\"MyDatec\"},\"image\":{\"@id\":\"https:\\\/\\\/www.mydatec.com\\\/fr\\\/#\\\/schema\\\/logo\\\/image\\\/\"},\"sameAs\":[\"http:\\\/\\\/www.linkedin.com\\\/in\\\/MyDATEC\"]},{\"@type\":\"Person\",\"@id\":\"https:\\\/\\\/www.mydatec.com\\\/fr\\\/#\\\/schema\\\/person\\\/8a955a8b03b4633336dc88624c72d23b\",\"name\":\"Adesio\",\"image\":{\"@type\":\"ImageObject\",\"inLanguage\":\"fr-FR\",\"@id\":\"https:\\\/\\\/secure.gravatar.com\\\/avatar\\\/911c38bd1b055d215e9e723f8cf5cf6e0410081766de691ba1ac706711e62d6c?s=96&d=mm&r=g\",\"url\":\"https:\\\/\\\/secure.gravatar.com\\\/avatar\\\/911c38bd1b055d215e9e723f8cf5cf6e0410081766de691ba1ac706711e62d6c?s=96&d=mm&r=g\",\"contentUrl\":\"https:\\\/\\\/secure.gravatar.com\\\/avatar\\\/911c38bd1b055d215e9e723f8cf5cf6e0410081766de691ba1ac706711e62d6c?s=96&d=mm&r=g\",\"caption\":\"Adesio\"}}]}<\/script>\n<!-- \/ Yoast SEO plugin. -->","yoast_head_json":{"title":"Pompe \u00e0 chaleur air\/air -","robots":{"index":"index","follow":"follow","max-snippet":"max-snippet:-1","max-image-preview":"max-image-preview:large","max-video-preview":"max-video-preview:-1"},"canonical":"https:\/\/www.mydatec.com\/fr\/pompe-a-chaleur-air-air\/","og_locale":"fr_FR","og_type":"article","og_title":"Pompe \u00e0 chaleur air\/air -","og_url":"https:\/\/www.mydatec.com\/fr\/pompe-a-chaleur-air-air\/","og_site_name":"MyDATEC","article_published_time":"2021-12-20T11:52:29+00:00","article_modified_time":"2021-12-21T06:35:56+00:00","author":"Adesio","twitter_misc":{"\u00c9crit par":"Adesio","Dur\u00e9e de lecture estim\u00e9e":"5 minutes"},"schema":{"@context":"https:\/\/schema.org","@graph":[{"@type":"Article","@id":"https:\/\/www.mydatec.com\/fr\/pompe-a-chaleur-air-air\/#article","isPartOf":{"@id":"https:\/\/www.mydatec.com\/fr\/pompe-a-chaleur-air-air\/"},"author":{"name":"Adesio","@id":"https:\/\/www.mydatec.com\/fr\/#\/schema\/person\/8a955a8b03b4633336dc88624c72d23b"},"headline":"Pompe \u00e0 chaleur air\/air","datePublished":"2021-12-20T11:52:29+00:00","dateModified":"2021-12-21T06:35:56+00:00","mainEntityOfPage":{"@id":"https:\/\/www.mydatec.com\/fr\/pompe-a-chaleur-air-air\/"},"wordCount":1036,"publisher":{"@id":"https:\/\/www.mydatec.com\/fr\/#organization"},"articleSection":["R\u00e9f\u00e9rence"],"inLanguage":"fr-FR"},{"@type":"WebPage","@id":"https:\/\/www.mydatec.com\/fr\/pompe-a-chaleur-air-air\/","url":"https:\/\/www.mydatec.com\/fr\/pompe-a-chaleur-air-air\/","name":"Pompe \u00e0 chaleur air\/air -","isPartOf":{"@id":"https:\/\/www.mydatec.com\/fr\/#website"},"datePublished":"2021-12-20T11:52:29+00:00","dateModified":"2021-12-21T06:35:56+00:00","breadcrumb":{"@id":"https:\/\/www.mydatec.com\/fr\/pompe-a-chaleur-air-air\/#breadcrumb"},"inLanguage":"fr-FR","potentialAction":[{"@type":"ReadAction","target":["https:\/\/www.mydatec.com\/fr\/pompe-a-chaleur-air-air\/"]}]},{"@type":"BreadcrumbList","@id":"https:\/\/www.mydatec.com\/fr\/pompe-a-chaleur-air-air\/#breadcrumb","itemListElement":[{"@type":"ListItem","position":1,"name":"Accueil","item":"https:\/\/www.mydatec.com\/fr\/"},{"@type":"ListItem","position":2,"name":"Pompe \u00e0 chaleur air\/air"}]},{"@type":"WebSite","@id":"https:\/\/www.mydatec.com\/fr\/#website","url":"https:\/\/www.mydatec.com\/fr\/","name":"MyDATEC","description":"La solution thermodynamique","publisher":{"@id":"https:\/\/www.mydatec.com\/fr\/#organization"},"potentialAction":[{"@type":"SearchAction","target":{"@type":"EntryPoint","urlTemplate":"https:\/\/www.mydatec.com\/fr\/?s={search_term_string}"},"query-input":{"@type":"PropertyValueSpecification","valueRequired":true,"valueName":"search_term_string"}}],"inLanguage":"fr-FR"},{"@type":"Organization","@id":"https:\/\/www.mydatec.com\/fr\/#organization","name":"MyDatec","url":"https:\/\/www.mydatec.com\/fr\/","logo":{"@type":"ImageObject","inLanguage":"fr-FR","@id":"https:\/\/www.mydatec.com\/fr\/#\/schema\/logo\/image\/","url":"https:\/\/www.mydatec.com\/wp-content\/uploads\/2022\/01\/logo-mydatec.jpg","contentUrl":"https:\/\/www.mydatec.com\/wp-content\/uploads\/2022\/01\/logo-mydatec.jpg","width":434,"height":351,"caption":"MyDatec"},"image":{"@id":"https:\/\/www.mydatec.com\/fr\/#\/schema\/logo\/image\/"},"sameAs":["http:\/\/www.linkedin.com\/in\/MyDATEC"]},{"@type":"Person","@id":"https:\/\/www.mydatec.com\/fr\/#\/schema\/person\/8a955a8b03b4633336dc88624c72d23b","name":"Adesio","image":{"@type":"ImageObject","inLanguage":"fr-FR","@id":"https:\/\/secure.gravatar.com\/avatar\/911c38bd1b055d215e9e723f8cf5cf6e0410081766de691ba1ac706711e62d6c?s=96&d=mm&r=g","url":"https:\/\/secure.gravatar.com\/avatar\/911c38bd1b055d215e9e723f8cf5cf6e0410081766de691ba1ac706711e62d6c?s=96&d=mm&r=g","contentUrl":"https:\/\/secure.gravatar.com\/avatar\/911c38bd1b055d215e9e723f8cf5cf6e0410081766de691ba1ac706711e62d6c?s=96&d=mm&r=g","caption":"Adesio"}}]}},"_links":{"self":[{"href":"https:\/\/www.mydatec.com\/fr\/wp-json\/wp\/v2\/posts\/7281","targetHints":{"allow":["GET"]}}],"collection":[{"href":"https:\/\/www.mydatec.com\/fr\/wp-json\/wp\/v2\/posts"}],"about":[{"href":"https:\/\/www.mydatec.com\/fr\/wp-json\/wp\/v2\/types\/post"}],"author":[{"embeddable":true,"href":"https:\/\/www.mydatec.com\/fr\/wp-json\/wp\/v2\/users\/6"}],"replies":[{"embeddable":true,"href":"https:\/\/www.mydatec.com\/fr\/wp-json\/wp\/v2\/comments?post=7281"}],"version-history":[{"count":2,"href":"https:\/\/www.mydatec.com\/fr\/wp-json\/wp\/v2\/posts\/7281\/revisions"}],"predecessor-version":[{"id":7304,"href":"https:\/\/www.mydatec.com\/fr\/wp-json\/wp\/v2\/posts\/7281\/revisions\/7304"}],"wp:attachment":[{"href":"https:\/\/www.mydatec.com\/fr\/wp-json\/wp\/v2\/media?parent=7281"}],"wp:term":[{"taxonomy":"category","embeddable":true,"href":"https:\/\/www.mydatec.com\/fr\/wp-json\/wp\/v2\/categories?post=7281"},{"taxonomy":"post_tag","embeddable":true,"href":"https:\/\/www.mydatec.com\/fr\/wp-json\/wp\/v2\/tags?post=7281"}],"curies":[{"name":"wp","href":"https:\/\/api.w.org\/{rel}","templated":true}]}}