{"id":7266,"date":"2021-12-20T12:36:27","date_gmt":"2021-12-20T11:36:27","guid":{"rendered":"https:\/\/www.mydatec.com\/?p=7266"},"modified":"2021-12-20T12:36:27","modified_gmt":"2021-12-20T11:36:27","slug":"reduire-ma-consommation-electrique-avec-une-vmc-thermodynamique","status":"publish","type":"post","link":"https:\/\/www.mydatec.com\/fr\/reduire-ma-consommation-electrique-avec-une-vmc-thermodynamique\/","title":{"rendered":"R\u00e9duire ma consommation \u00e9lectrique avec une VMC thermodynamique"},"content":{"rendered":"<div class=\"fusion-fullwidth fullwidth-box fusion-builder-row-1 fusion-flex-container nonhundred-percent-fullwidth non-hundred-percent-height-scrolling ctnr-simple\" style=\"--awb-border-radius-top-left:0px;--awb-border-radius-top-right:0px;--awb-border-radius-bottom-right:0px;--awb-border-radius-bottom-left:0px;--awb-flex-wrap:wrap;\" ><div class=\"fusion-builder-row fusion-row fusion-flex-align-items-center fusion-flex-justify-content-center fusion-flex-content-wrap\" style=\"max-width:1144px;margin-left: calc(-4% \/ 2 );margin-right: calc(-4% \/ 2 );\"><div class=\"fusion-layout-column fusion_builder_column fusion-builder-column-0 fusion_builder_column_1_1 1_1 fusion-flex-column col-inside\" style=\"--awb-bg-size:cover;--awb-width-large:100%;--awb-margin-top-large:0px;--awb-spacing-right-large:1.92%;--awb-margin-bottom-large:20px;--awb-spacing-left-large:1.92%;--awb-width-medium:100%;--awb-order-medium:0;--awb-spacing-right-medium:1.92%;--awb-spacing-left-medium:1.92%;--awb-width-small:100%;--awb-order-small:0;--awb-spacing-right-small:1.92%;--awb-spacing-left-small:1.92%;\"><div class=\"fusion-column-wrapper fusion-column-has-shadow fusion-flex-justify-content-center fusion-content-layout-column\"><div class=\"fusion-text fusion-text-1\" style=\"--awb-text-transform:none;\"><p>Galargues (34160)<\/p>\n<p>Type de projet : Construction<\/p>\n<h3>R\u00e9duire ma consommation \u00e9lectrique avec une VMC thermodynamique<\/h3>\n<p>Tout d\u2019abord ma motivation \u00e9tait de R\u00e9duire ma consommation \u00e9lectrique avec une VMC thermodynamique dans la maison que j\u2019ai enti\u00e8rement con\u00e7u (plan et second \u0153uvre)<\/p>\n<p>D\u00e8s la conception, nous avons du faire des choix sur les mat\u00e9riaux et le mode de chauffage.<\/p>\n<p>Nous avons choisi de renforcer notre isolation au sol, murs et plafond avec les meilleurs produits disponibles actuellement.<\/p>\n<p>Pour le chauffage, nous souhaitions avoir une VMC double flux thermodynamique. Quelques rares fabricants proposaient des solutions plus ou moins compl\u00e8tes. Seul GAC MyDATEC a su \u00e9couter mes attentes et adapter le dispositif \u00e0 mes demandes.<\/p>\n<p>\u00c9tant dans le sud ,nous avions des attentes en chauffage mais aussi en rafra\u00eechissement. Nous avons donc choisi de cr\u00e9er une zone nuit et une zone jour ; avec un r\u00e9chauffeur sur la zone nuit et la possibilit\u00e9 de couper la zone jour qui est r\u00e9chauff\u00e9e ou refroidie par un groupe de clim r\u00e9versible de 5 kW.<\/p>\n<p>Depuis septembre, notre VMC est en service. C\u2019est un grand succ\u00e8s. Tout est conforme avec nos attentes ; nous avons eu tous les renseignements techniques lors de la mise en service avec mon \u00e9lectricien .<\/p>\n<p>Cette installation doit \u00eatre faite (\u00e0 mon avis) par, au minimum, un tr\u00e8s bon bricoleur.<\/p>\n<p>L air diffus\u00e9 est l\u00e9g\u00e8rement sec mais tr\u00e8s sain, une l\u00e9g\u00e8re inertie reste pr\u00e9sente lors des besoins importants de mont\u00e9e en temp\u00e9rature, il faut mettre tous les chauffages d\u2019appoint en route pour arriver rapidement (1 h) \u00e0 la temp\u00e9rature souhait\u00e9e, mais il est vrai que nous sommes un peu frileux !<\/p>\n<p>Je recommande \u00e0 mes amis ce mode de r\u00e9gulation de la temp\u00e9rature et je pr\u00e9vois de la r\u00e9installer si un jour je construis de nouveau.<\/p>\n<p>Cordialement.<\/p>\n<p>Johan *******<\/p>\n<\/div><\/div><\/div><\/div><\/div>\n","protected":false},"excerpt":{"rendered":"","protected":false},"author":6,"featured_media":0,"comment_status":"closed","ping_status":"open","sticky":false,"template":"","format":"standard","meta":{"footnotes":""},"categories":[391],"tags":[],"class_list":["post-7266","post","type-post","status-publish","format-standard","hentry","category-reference"],"yoast_head":"<!-- This site is optimized with the Yoast SEO plugin v27.5 - https:\/\/yoast.com\/product\/yoast-seo-wordpress\/ -->\n<title>R\u00e9duire ma consommation \u00e9lectrique avec une VMC thermodynamique -<\/title>\n<meta name=\"robots\" content=\"index, follow, max-snippet:-1, max-image-preview:large, max-video-preview:-1\" \/>\n<link rel=\"canonical\" href=\"https:\/\/www.mydatec.com\/fr\/reduire-ma-consommation-electrique-avec-une-vmc-thermodynamique\/\" \/>\n<meta property=\"og:locale\" content=\"fr_FR\" \/>\n<meta property=\"og:type\" content=\"article\" \/>\n<meta property=\"og:title\" content=\"R\u00e9duire ma consommation \u00e9lectrique avec une VMC thermodynamique -\" \/>\n<meta property=\"og:url\" content=\"https:\/\/www.mydatec.com\/fr\/reduire-ma-consommation-electrique-avec-une-vmc-thermodynamique\/\" \/>\n<meta property=\"og:site_name\" content=\"MyDATEC\" \/>\n<meta property=\"article:published_time\" content=\"2021-12-20T11:36:27+00:00\" \/>\n<meta name=\"author\" content=\"Adesio\" \/>\n<meta name=\"twitter:label1\" content=\"\u00c9crit par\" \/>\n\t<meta name=\"twitter:data1\" content=\"Adesio\" \/>\n\t<meta name=\"twitter:label2\" content=\"Dur\u00e9e de lecture estim\u00e9e\" \/>\n\t<meta name=\"twitter:data2\" content=\"5 minutes\" \/>\n<script type=\"application\/ld+json\" class=\"yoast-schema-graph\">{\"@context\":\"https:\\\/\\\/schema.org\",\"@graph\":[{\"@type\":\"Article\",\"@id\":\"https:\\\/\\\/www.mydatec.com\\\/fr\\\/reduire-ma-consommation-electrique-avec-une-vmc-thermodynamique\\\/#article\",\"isPartOf\":{\"@id\":\"https:\\\/\\\/www.mydatec.com\\\/fr\\\/reduire-ma-consommation-electrique-avec-une-vmc-thermodynamique\\\/\"},\"author\":{\"name\":\"Adesio\",\"@id\":\"https:\\\/\\\/www.mydatec.com\\\/fr\\\/#\\\/schema\\\/person\\\/8a955a8b03b4633336dc88624c72d23b\"},\"headline\":\"R\u00e9duire ma consommation \u00e9lectrique avec une VMC thermodynamique\",\"datePublished\":\"2021-12-20T11:36:27+00:00\",\"mainEntityOfPage\":{\"@id\":\"https:\\\/\\\/www.mydatec.com\\\/fr\\\/reduire-ma-consommation-electrique-avec-une-vmc-thermodynamique\\\/\"},\"wordCount\":994,\"publisher\":{\"@id\":\"https:\\\/\\\/www.mydatec.com\\\/fr\\\/#organization\"},\"articleSection\":[\"R\u00e9f\u00e9rence\"],\"inLanguage\":\"fr-FR\"},{\"@type\":\"WebPage\",\"@id\":\"https:\\\/\\\/www.mydatec.com\\\/fr\\\/reduire-ma-consommation-electrique-avec-une-vmc-thermodynamique\\\/\",\"url\":\"https:\\\/\\\/www.mydatec.com\\\/fr\\\/reduire-ma-consommation-electrique-avec-une-vmc-thermodynamique\\\/\",\"name\":\"R\u00e9duire ma consommation \u00e9lectrique avec une VMC thermodynamique -\",\"isPartOf\":{\"@id\":\"https:\\\/\\\/www.mydatec.com\\\/fr\\\/#website\"},\"datePublished\":\"2021-12-20T11:36:27+00:00\",\"breadcrumb\":{\"@id\":\"https:\\\/\\\/www.mydatec.com\\\/fr\\\/reduire-ma-consommation-electrique-avec-une-vmc-thermodynamique\\\/#breadcrumb\"},\"inLanguage\":\"fr-FR\",\"potentialAction\":[{\"@type\":\"ReadAction\",\"target\":[\"https:\\\/\\\/www.mydatec.com\\\/fr\\\/reduire-ma-consommation-electrique-avec-une-vmc-thermodynamique\\\/\"]}]},{\"@type\":\"BreadcrumbList\",\"@id\":\"https:\\\/\\\/www.mydatec.com\\\/fr\\\/reduire-ma-consommation-electrique-avec-une-vmc-thermodynamique\\\/#breadcrumb\",\"itemListElement\":[{\"@type\":\"ListItem\",\"position\":1,\"name\":\"Accueil\",\"item\":\"https:\\\/\\\/www.mydatec.com\\\/fr\\\/\"},{\"@type\":\"ListItem\",\"position\":2,\"name\":\"R\u00e9duire ma consommation \u00e9lectrique avec une VMC thermodynamique\"}]},{\"@type\":\"WebSite\",\"@id\":\"https:\\\/\\\/www.mydatec.com\\\/fr\\\/#website\",\"url\":\"https:\\\/\\\/www.mydatec.com\\\/fr\\\/\",\"name\":\"MyDATEC\",\"description\":\"La solution thermodynamique\",\"publisher\":{\"@id\":\"https:\\\/\\\/www.mydatec.com\\\/fr\\\/#organization\"},\"potentialAction\":[{\"@type\":\"SearchAction\",\"target\":{\"@type\":\"EntryPoint\",\"urlTemplate\":\"https:\\\/\\\/www.mydatec.com\\\/fr\\\/?s={search_term_string}\"},\"query-input\":{\"@type\":\"PropertyValueSpecification\",\"valueRequired\":true,\"valueName\":\"search_term_string\"}}],\"inLanguage\":\"fr-FR\"},{\"@type\":\"Organization\",\"@id\":\"https:\\\/\\\/www.mydatec.com\\\/fr\\\/#organization\",\"name\":\"MyDatec\",\"url\":\"https:\\\/\\\/www.mydatec.com\\\/fr\\\/\",\"logo\":{\"@type\":\"ImageObject\",\"inLanguage\":\"fr-FR\",\"@id\":\"https:\\\/\\\/www.mydatec.com\\\/fr\\\/#\\\/schema\\\/logo\\\/image\\\/\",\"url\":\"https:\\\/\\\/www.mydatec.com\\\/wp-content\\\/uploads\\\/2022\\\/01\\\/logo-mydatec.jpg\",\"contentUrl\":\"https:\\\/\\\/www.mydatec.com\\\/wp-content\\\/uploads\\\/2022\\\/01\\\/logo-mydatec.jpg\",\"width\":434,\"height\":351,\"caption\":\"MyDatec\"},\"image\":{\"@id\":\"https:\\\/\\\/www.mydatec.com\\\/fr\\\/#\\\/schema\\\/logo\\\/image\\\/\"},\"sameAs\":[\"http:\\\/\\\/www.linkedin.com\\\/in\\\/MyDATEC\"]},{\"@type\":\"Person\",\"@id\":\"https:\\\/\\\/www.mydatec.com\\\/fr\\\/#\\\/schema\\\/person\\\/8a955a8b03b4633336dc88624c72d23b\",\"name\":\"Adesio\",\"image\":{\"@type\":\"ImageObject\",\"inLanguage\":\"fr-FR\",\"@id\":\"https:\\\/\\\/secure.gravatar.com\\\/avatar\\\/911c38bd1b055d215e9e723f8cf5cf6e0410081766de691ba1ac706711e62d6c?s=96&d=mm&r=g\",\"url\":\"https:\\\/\\\/secure.gravatar.com\\\/avatar\\\/911c38bd1b055d215e9e723f8cf5cf6e0410081766de691ba1ac706711e62d6c?s=96&d=mm&r=g\",\"contentUrl\":\"https:\\\/\\\/secure.gravatar.com\\\/avatar\\\/911c38bd1b055d215e9e723f8cf5cf6e0410081766de691ba1ac706711e62d6c?s=96&d=mm&r=g\",\"caption\":\"Adesio\"}}]}<\/script>\n<!-- \/ Yoast SEO plugin. -->","yoast_head_json":{"title":"R\u00e9duire ma consommation \u00e9lectrique avec une VMC thermodynamique -","robots":{"index":"index","follow":"follow","max-snippet":"max-snippet:-1","max-image-preview":"max-image-preview:large","max-video-preview":"max-video-preview:-1"},"canonical":"https:\/\/www.mydatec.com\/fr\/reduire-ma-consommation-electrique-avec-une-vmc-thermodynamique\/","og_locale":"fr_FR","og_type":"article","og_title":"R\u00e9duire ma consommation \u00e9lectrique avec une VMC thermodynamique -","og_url":"https:\/\/www.mydatec.com\/fr\/reduire-ma-consommation-electrique-avec-une-vmc-thermodynamique\/","og_site_name":"MyDATEC","article_published_time":"2021-12-20T11:36:27+00:00","author":"Adesio","twitter_misc":{"\u00c9crit par":"Adesio","Dur\u00e9e de lecture estim\u00e9e":"5 minutes"},"schema":{"@context":"https:\/\/schema.org","@graph":[{"@type":"Article","@id":"https:\/\/www.mydatec.com\/fr\/reduire-ma-consommation-electrique-avec-une-vmc-thermodynamique\/#article","isPartOf":{"@id":"https:\/\/www.mydatec.com\/fr\/reduire-ma-consommation-electrique-avec-une-vmc-thermodynamique\/"},"author":{"name":"Adesio","@id":"https:\/\/www.mydatec.com\/fr\/#\/schema\/person\/8a955a8b03b4633336dc88624c72d23b"},"headline":"R\u00e9duire ma consommation \u00e9lectrique avec une VMC thermodynamique","datePublished":"2021-12-20T11:36:27+00:00","mainEntityOfPage":{"@id":"https:\/\/www.mydatec.com\/fr\/reduire-ma-consommation-electrique-avec-une-vmc-thermodynamique\/"},"wordCount":994,"publisher":{"@id":"https:\/\/www.mydatec.com\/fr\/#organization"},"articleSection":["R\u00e9f\u00e9rence"],"inLanguage":"fr-FR"},{"@type":"WebPage","@id":"https:\/\/www.mydatec.com\/fr\/reduire-ma-consommation-electrique-avec-une-vmc-thermodynamique\/","url":"https:\/\/www.mydatec.com\/fr\/reduire-ma-consommation-electrique-avec-une-vmc-thermodynamique\/","name":"R\u00e9duire ma consommation \u00e9lectrique avec une VMC thermodynamique -","isPartOf":{"@id":"https:\/\/www.mydatec.com\/fr\/#website"},"datePublished":"2021-12-20T11:36:27+00:00","breadcrumb":{"@id":"https:\/\/www.mydatec.com\/fr\/reduire-ma-consommation-electrique-avec-une-vmc-thermodynamique\/#breadcrumb"},"inLanguage":"fr-FR","potentialAction":[{"@type":"ReadAction","target":["https:\/\/www.mydatec.com\/fr\/reduire-ma-consommation-electrique-avec-une-vmc-thermodynamique\/"]}]},{"@type":"BreadcrumbList","@id":"https:\/\/www.mydatec.com\/fr\/reduire-ma-consommation-electrique-avec-une-vmc-thermodynamique\/#breadcrumb","itemListElement":[{"@type":"ListItem","position":1,"name":"Accueil","item":"https:\/\/www.mydatec.com\/fr\/"},{"@type":"ListItem","position":2,"name":"R\u00e9duire ma consommation \u00e9lectrique avec une VMC thermodynamique"}]},{"@type":"WebSite","@id":"https:\/\/www.mydatec.com\/fr\/#website","url":"https:\/\/www.mydatec.com\/fr\/","name":"MyDATEC","description":"La solution thermodynamique","publisher":{"@id":"https:\/\/www.mydatec.com\/fr\/#organization"},"potentialAction":[{"@type":"SearchAction","target":{"@type":"EntryPoint","urlTemplate":"https:\/\/www.mydatec.com\/fr\/?s={search_term_string}"},"query-input":{"@type":"PropertyValueSpecification","valueRequired":true,"valueName":"search_term_string"}}],"inLanguage":"fr-FR"},{"@type":"Organization","@id":"https:\/\/www.mydatec.com\/fr\/#organization","name":"MyDatec","url":"https:\/\/www.mydatec.com\/fr\/","logo":{"@type":"ImageObject","inLanguage":"fr-FR","@id":"https:\/\/www.mydatec.com\/fr\/#\/schema\/logo\/image\/","url":"https:\/\/www.mydatec.com\/wp-content\/uploads\/2022\/01\/logo-mydatec.jpg","contentUrl":"https:\/\/www.mydatec.com\/wp-content\/uploads\/2022\/01\/logo-mydatec.jpg","width":434,"height":351,"caption":"MyDatec"},"image":{"@id":"https:\/\/www.mydatec.com\/fr\/#\/schema\/logo\/image\/"},"sameAs":["http:\/\/www.linkedin.com\/in\/MyDATEC"]},{"@type":"Person","@id":"https:\/\/www.mydatec.com\/fr\/#\/schema\/person\/8a955a8b03b4633336dc88624c72d23b","name":"Adesio","image":{"@type":"ImageObject","inLanguage":"fr-FR","@id":"https:\/\/secure.gravatar.com\/avatar\/911c38bd1b055d215e9e723f8cf5cf6e0410081766de691ba1ac706711e62d6c?s=96&d=mm&r=g","url":"https:\/\/secure.gravatar.com\/avatar\/911c38bd1b055d215e9e723f8cf5cf6e0410081766de691ba1ac706711e62d6c?s=96&d=mm&r=g","contentUrl":"https:\/\/secure.gravatar.com\/avatar\/911c38bd1b055d215e9e723f8cf5cf6e0410081766de691ba1ac706711e62d6c?s=96&d=mm&r=g","caption":"Adesio"}}]}},"_links":{"self":[{"href":"https:\/\/www.mydatec.com\/fr\/wp-json\/wp\/v2\/posts\/7266","targetHints":{"allow":["GET"]}}],"collection":[{"href":"https:\/\/www.mydatec.com\/fr\/wp-json\/wp\/v2\/posts"}],"about":[{"href":"https:\/\/www.mydatec.com\/fr\/wp-json\/wp\/v2\/types\/post"}],"author":[{"embeddable":true,"href":"https:\/\/www.mydatec.com\/fr\/wp-json\/wp\/v2\/users\/6"}],"replies":[{"embeddable":true,"href":"https:\/\/www.mydatec.com\/fr\/wp-json\/wp\/v2\/comments?post=7266"}],"version-history":[{"count":1,"href":"https:\/\/www.mydatec.com\/fr\/wp-json\/wp\/v2\/posts\/7266\/revisions"}],"predecessor-version":[{"id":7267,"href":"https:\/\/www.mydatec.com\/fr\/wp-json\/wp\/v2\/posts\/7266\/revisions\/7267"}],"wp:attachment":[{"href":"https:\/\/www.mydatec.com\/fr\/wp-json\/wp\/v2\/media?parent=7266"}],"wp:term":[{"taxonomy":"category","embeddable":true,"href":"https:\/\/www.mydatec.com\/fr\/wp-json\/wp\/v2\/categories?post=7266"},{"taxonomy":"post_tag","embeddable":true,"href":"https:\/\/www.mydatec.com\/fr\/wp-json\/wp\/v2\/tags?post=7266"}],"curies":[{"name":"wp","href":"https:\/\/api.w.org\/{rel}","templated":true}]}}