{"id":6491,"date":"2021-02-18T11:42:09","date_gmt":"2021-02-18T10:42:09","guid":{"rendered":"https:\/\/www.mydatec.com\/?p=6491"},"modified":"2021-02-18T11:42:12","modified_gmt":"2021-02-18T10:42:12","slug":"fin-de-location-des-passoires-energetiques-dici-2028","status":"publish","type":"post","link":"https:\/\/www.mydatec.com\/fr\/fin-de-location-des-passoires-energetiques-dici-2028\/","title":{"rendered":"Fin de location des \u00ab\u00a0passoires \u00e9nerg\u00e9tiques\u00a0\u00bb d&rsquo;ici 2028"},"content":{"rendered":"\n<p>Passoires \u00e9nerg\u00e9tiques : Barbara Pompili et Emmanuelle Wargon pr\u00e9sentent le nouveau diagnostic de performance \u00e9nerg\u00e9tique des logements &#8211; Le 16 f\u00e9vrier 2021<\/p>\n\n\n\n<div class=\"wp-block-image\"><figure class=\"aligncenter size-large is-resized\"><img decoding=\"async\" src=\"https:\/\/www.mydatec.com\/wp-content\/uploads\/2021\/02\/Capture-d\u2019\u00e9cran-2021-02-18-113723.png\" alt=\"\" class=\"wp-image-6494\" width=\"344\" height=\"200\" srcset=\"https:\/\/www.mydatec.com\/wp-content\/uploads\/2021\/02\/Capture-d\u2019\u00e9cran-2021-02-18-113723-31x18.png 31w, https:\/\/www.mydatec.com\/wp-content\/uploads\/2021\/02\/Capture-d\u2019\u00e9cran-2021-02-18-113723-38x22.png 38w, https:\/\/www.mydatec.com\/wp-content\/uploads\/2021\/02\/Capture-d\u2019\u00e9cran-2021-02-18-113723-148x86.png 148w, https:\/\/www.mydatec.com\/wp-content\/uploads\/2021\/02\/Capture-d\u2019\u00e9cran-2021-02-18-113723-300x174.png 300w, https:\/\/www.mydatec.com\/wp-content\/uploads\/2021\/02\/Capture-d\u2019\u00e9cran-2021-02-18-113723.png 344w\" sizes=\"(max-width: 344px) 100vw, 344px\" \/><\/figure><\/div>\n\n\n\n<p>Pr\u00e9vue par la loi ELAN promulgu\u00e9e en 2018, la refonte du\ndiagnostic de performance \u00e9nerg\u00e9tique (DPE) entrera en vigueur le 1er juillet\n2021, les nouveaux diagnostics devenant alors opposables <\/p>\n\n\n\n<p>Le diagnostic de performance \u00e9nerg\u00e9tique est un outil du quotidien des\nFran\u00e7ais : affich\u00e9 sur les annonces immobili\u00e8res, syst\u00e9matiquement pr\u00e9sent\u00e9\nlors des ventes ou mises en location, il renseigne sur la performance\n\u00e9nerg\u00e9tique d\u2019un logement et oriente notamment les choix en termes de travaux de\nr\u00e9novation.<\/p>\n\n\n\n<p>Fruit d\u2019une large concertation ayant associ\u00e9 toutes les parties prenantes,\nprofessionnels de l\u2019immobilier, acteurs de la r\u00e9novation \u00e9nerg\u00e9tique et\nassociations de consommateurs, la refonte du DPE permet d\u2019atteindre trois\nr\u00e9sultats :&nbsp;<br>\n\u2022&nbsp;&nbsp; &nbsp;Un DPE dont la m\u00e9thode de calcul est unifi\u00e9e et fiabilis\u00e9e\net qui voit donc sa valeur juridique renforc\u00e9e en devant opposable.<br>\n\u2022&nbsp;&nbsp; &nbsp;Un DPE plus lisible, plus simple \u00e0 comprendre et plus\ncomplet, qui permet de mieux informer les Fran\u00e7ais quant \u00e0 la qualit\u00e9 \u00e9nerg\u00e9tique\ndes logements<br>\n\u2022&nbsp;&nbsp; &nbsp;Un DPE qui prend mieux en compte l\u2019enjeu de lutte contre le\nd\u00e9r\u00e8glement climatique dans la notation du logement, avec un double-seuil\n\u00e9nergie-carbone pour d\u00e9terminer l\u2019\u00e9tiquette \u00e9nerg\u00e9tique.<\/p>\n\n\n\n<p><strong>Les \u00e9tiquettes F et G de ce nouveau DPE d\u00e9signeront d\u00e8s son entr\u00e9e en application les logements qualifi\u00e9s de \u00ab passoires \u00e9nerg\u00e9tiques \u00bb. Les nouveaux seuils n\u2019affectent pas le nombre de passoires \u00e9nerg\u00e9tiques actuellement \u00e9valu\u00e9 \u00e0 4,8 millions de logements par la derni\u00e8re \u00e9tude du minist\u00e8re de la transition \u00e9cologique. Conform\u00e9ment \u00e0 l\u2019engagement de la Convention citoyenne pour le climat et le projet de loi Climat et r\u00e9silience port\u00e9 par Barbara Pompili, toutes les passoires \u00e9nerg\u00e9tiques seront interdites \u00e0 la location d\u2019ici 2028.<\/strong><\/p>\n\n\n\n<p>Les trois arr\u00eat\u00e9s minist\u00e9riels mettant en \u0153uvre le nouveau DPE seront soumis \u00e0 la consultation du public et des instances obligatoires dans les prochains jours avant publication au mois de mars. <strong>Tous les nouveaux diagnostics r\u00e9alis\u00e9s \u00e0 partir du 1er juillet 2021 suivront la m\u00e9thode et le format d\u00e9termin\u00e9s par cette refonte.<\/strong><\/p>\n\n\n\n<p>Pour t\u00e9l\u00e9charger le nouveau dossier de presse &#8211; Diagnostic de performance \u00e9nerg\u00e9tique, <a href=\"https:\/\/www.ecologie.gouv.fr\/dossier-presse-nouveau-diagnostic-performance-energetique-dpe\">rendez-vous ici <\/a><\/p>\n","protected":false},"excerpt":{"rendered":"<p>Passoires \u00e9nerg\u00e9tiques : Barbara Pompili et Emmanuelle Wargon pr\u00e9sentent le nouveau diagnostic de performance \u00e9nerg\u00e9tique des logements &#8211; Le 16 f\u00e9vrier 2021 Pr\u00e9vue par la  [&#8230;]<\/p>\n","protected":false},"author":6,"featured_media":0,"comment_status":"closed","ping_status":"open","sticky":false,"template":"","format":"standard","meta":{"footnotes":""},"categories":[1],"tags":[],"class_list":["post-6491","post","type-post","status-publish","format-standard","hentry","category-non-classifiee"],"yoast_head":"<!-- This site is optimized with the Yoast SEO plugin v27.5 - https:\/\/yoast.com\/product\/yoast-seo-wordpress\/ -->\n<title>Fin de location des &quot;passoires \u00e9nerg\u00e9tiques&quot; d&#039;ici 2028 -<\/title>\n<meta name=\"robots\" content=\"index, follow, max-snippet:-1, max-image-preview:large, max-video-preview:-1\" \/>\n<link rel=\"canonical\" href=\"https:\/\/www.mydatec.com\/fr\/fin-de-location-des-passoires-energetiques-dici-2028\/\" \/>\n<meta property=\"og:locale\" content=\"fr_FR\" \/>\n<meta property=\"og:type\" content=\"article\" \/>\n<meta property=\"og:title\" content=\"Fin de location des &quot;passoires \u00e9nerg\u00e9tiques&quot; d&#039;ici 2028 -\" \/>\n<meta property=\"og:description\" content=\"Passoires \u00e9nerg\u00e9tiques : Barbara Pompili et Emmanuelle Wargon pr\u00e9sentent le nouveau diagnostic de performance \u00e9nerg\u00e9tique des logements &#8211; Le 16 f\u00e9vrier 2021 Pr\u00e9vue par la [...]\" \/>\n<meta property=\"og:url\" content=\"https:\/\/www.mydatec.com\/fr\/fin-de-location-des-passoires-energetiques-dici-2028\/\" \/>\n<meta property=\"og:site_name\" content=\"MyDATEC\" \/>\n<meta property=\"article:published_time\" content=\"2021-02-18T10:42:09+00:00\" \/>\n<meta property=\"article:modified_time\" content=\"2021-02-18T10:42:12+00:00\" \/>\n<meta name=\"author\" content=\"Adesio\" \/>\n<meta name=\"twitter:label1\" content=\"\u00c9crit par\" \/>\n\t<meta name=\"twitter:data1\" content=\"Adesio\" \/>\n\t<meta name=\"twitter:label2\" content=\"Dur\u00e9e de lecture estim\u00e9e\" \/>\n\t<meta name=\"twitter:data2\" content=\"2 minutes\" \/>\n<script type=\"application\/ld+json\" class=\"yoast-schema-graph\">{\"@context\":\"https:\\\/\\\/schema.org\",\"@graph\":[{\"@type\":\"Article\",\"@id\":\"https:\\\/\\\/www.mydatec.com\\\/fr\\\/fin-de-location-des-passoires-energetiques-dici-2028\\\/#article\",\"isPartOf\":{\"@id\":\"https:\\\/\\\/www.mydatec.com\\\/fr\\\/fin-de-location-des-passoires-energetiques-dici-2028\\\/\"},\"author\":{\"name\":\"Adesio\",\"@id\":\"https:\\\/\\\/www.mydatec.com\\\/fr\\\/#\\\/schema\\\/person\\\/8a955a8b03b4633336dc88624c72d23b\"},\"headline\":\"Fin de location des \u00ab\u00a0passoires \u00e9nerg\u00e9tiques\u00a0\u00bb d&rsquo;ici 2028\",\"datePublished\":\"2021-02-18T10:42:09+00:00\",\"dateModified\":\"2021-02-18T10:42:12+00:00\",\"mainEntityOfPage\":{\"@id\":\"https:\\\/\\\/www.mydatec.com\\\/fr\\\/fin-de-location-des-passoires-energetiques-dici-2028\\\/\"},\"wordCount\":409,\"publisher\":{\"@id\":\"https:\\\/\\\/www.mydatec.com\\\/fr\\\/#organization\"},\"articleSection\":[\"Non classifi\u00e9(e)\"],\"inLanguage\":\"fr-FR\"},{\"@type\":\"WebPage\",\"@id\":\"https:\\\/\\\/www.mydatec.com\\\/fr\\\/fin-de-location-des-passoires-energetiques-dici-2028\\\/\",\"url\":\"https:\\\/\\\/www.mydatec.com\\\/fr\\\/fin-de-location-des-passoires-energetiques-dici-2028\\\/\",\"name\":\"Fin de location des \\\"passoires \u00e9nerg\u00e9tiques\\\" d'ici 2028 -\",\"isPartOf\":{\"@id\":\"https:\\\/\\\/www.mydatec.com\\\/fr\\\/#website\"},\"datePublished\":\"2021-02-18T10:42:09+00:00\",\"dateModified\":\"2021-02-18T10:42:12+00:00\",\"breadcrumb\":{\"@id\":\"https:\\\/\\\/www.mydatec.com\\\/fr\\\/fin-de-location-des-passoires-energetiques-dici-2028\\\/#breadcrumb\"},\"inLanguage\":\"fr-FR\",\"potentialAction\":[{\"@type\":\"ReadAction\",\"target\":[\"https:\\\/\\\/www.mydatec.com\\\/fr\\\/fin-de-location-des-passoires-energetiques-dici-2028\\\/\"]}]},{\"@type\":\"BreadcrumbList\",\"@id\":\"https:\\\/\\\/www.mydatec.com\\\/fr\\\/fin-de-location-des-passoires-energetiques-dici-2028\\\/#breadcrumb\",\"itemListElement\":[{\"@type\":\"ListItem\",\"position\":1,\"name\":\"Accueil\",\"item\":\"https:\\\/\\\/www.mydatec.com\\\/fr\\\/\"},{\"@type\":\"ListItem\",\"position\":2,\"name\":\"Fin de location des \u00ab\u00a0passoires \u00e9nerg\u00e9tiques\u00a0\u00bb d&rsquo;ici 2028\"}]},{\"@type\":\"WebSite\",\"@id\":\"https:\\\/\\\/www.mydatec.com\\\/fr\\\/#website\",\"url\":\"https:\\\/\\\/www.mydatec.com\\\/fr\\\/\",\"name\":\"MyDATEC\",\"description\":\"La solution thermodynamique\",\"publisher\":{\"@id\":\"https:\\\/\\\/www.mydatec.com\\\/fr\\\/#organization\"},\"potentialAction\":[{\"@type\":\"SearchAction\",\"target\":{\"@type\":\"EntryPoint\",\"urlTemplate\":\"https:\\\/\\\/www.mydatec.com\\\/fr\\\/?s={search_term_string}\"},\"query-input\":{\"@type\":\"PropertyValueSpecification\",\"valueRequired\":true,\"valueName\":\"search_term_string\"}}],\"inLanguage\":\"fr-FR\"},{\"@type\":\"Organization\",\"@id\":\"https:\\\/\\\/www.mydatec.com\\\/fr\\\/#organization\",\"name\":\"MyDatec\",\"url\":\"https:\\\/\\\/www.mydatec.com\\\/fr\\\/\",\"logo\":{\"@type\":\"ImageObject\",\"inLanguage\":\"fr-FR\",\"@id\":\"https:\\\/\\\/www.mydatec.com\\\/fr\\\/#\\\/schema\\\/logo\\\/image\\\/\",\"url\":\"https:\\\/\\\/www.mydatec.com\\\/wp-content\\\/uploads\\\/2022\\\/01\\\/logo-mydatec.jpg\",\"contentUrl\":\"https:\\\/\\\/www.mydatec.com\\\/wp-content\\\/uploads\\\/2022\\\/01\\\/logo-mydatec.jpg\",\"width\":434,\"height\":351,\"caption\":\"MyDatec\"},\"image\":{\"@id\":\"https:\\\/\\\/www.mydatec.com\\\/fr\\\/#\\\/schema\\\/logo\\\/image\\\/\"},\"sameAs\":[\"http:\\\/\\\/www.linkedin.com\\\/in\\\/MyDATEC\"]},{\"@type\":\"Person\",\"@id\":\"https:\\\/\\\/www.mydatec.com\\\/fr\\\/#\\\/schema\\\/person\\\/8a955a8b03b4633336dc88624c72d23b\",\"name\":\"Adesio\",\"image\":{\"@type\":\"ImageObject\",\"inLanguage\":\"fr-FR\",\"@id\":\"https:\\\/\\\/secure.gravatar.com\\\/avatar\\\/911c38bd1b055d215e9e723f8cf5cf6e0410081766de691ba1ac706711e62d6c?s=96&d=mm&r=g\",\"url\":\"https:\\\/\\\/secure.gravatar.com\\\/avatar\\\/911c38bd1b055d215e9e723f8cf5cf6e0410081766de691ba1ac706711e62d6c?s=96&d=mm&r=g\",\"contentUrl\":\"https:\\\/\\\/secure.gravatar.com\\\/avatar\\\/911c38bd1b055d215e9e723f8cf5cf6e0410081766de691ba1ac706711e62d6c?s=96&d=mm&r=g\",\"caption\":\"Adesio\"}}]}<\/script>\n<!-- \/ Yoast SEO plugin. -->","yoast_head_json":{"title":"Fin de location des \"passoires \u00e9nerg\u00e9tiques\" d'ici 2028 -","robots":{"index":"index","follow":"follow","max-snippet":"max-snippet:-1","max-image-preview":"max-image-preview:large","max-video-preview":"max-video-preview:-1"},"canonical":"https:\/\/www.mydatec.com\/fr\/fin-de-location-des-passoires-energetiques-dici-2028\/","og_locale":"fr_FR","og_type":"article","og_title":"Fin de location des \"passoires \u00e9nerg\u00e9tiques\" d'ici 2028 -","og_description":"Passoires \u00e9nerg\u00e9tiques : Barbara Pompili et Emmanuelle Wargon pr\u00e9sentent le nouveau diagnostic de performance \u00e9nerg\u00e9tique des logements &#8211; Le 16 f\u00e9vrier 2021 Pr\u00e9vue par la [...]","og_url":"https:\/\/www.mydatec.com\/fr\/fin-de-location-des-passoires-energetiques-dici-2028\/","og_site_name":"MyDATEC","article_published_time":"2021-02-18T10:42:09+00:00","article_modified_time":"2021-02-18T10:42:12+00:00","author":"Adesio","twitter_misc":{"\u00c9crit par":"Adesio","Dur\u00e9e de lecture estim\u00e9e":"2 minutes"},"schema":{"@context":"https:\/\/schema.org","@graph":[{"@type":"Article","@id":"https:\/\/www.mydatec.com\/fr\/fin-de-location-des-passoires-energetiques-dici-2028\/#article","isPartOf":{"@id":"https:\/\/www.mydatec.com\/fr\/fin-de-location-des-passoires-energetiques-dici-2028\/"},"author":{"name":"Adesio","@id":"https:\/\/www.mydatec.com\/fr\/#\/schema\/person\/8a955a8b03b4633336dc88624c72d23b"},"headline":"Fin de location des \u00ab\u00a0passoires \u00e9nerg\u00e9tiques\u00a0\u00bb d&rsquo;ici 2028","datePublished":"2021-02-18T10:42:09+00:00","dateModified":"2021-02-18T10:42:12+00:00","mainEntityOfPage":{"@id":"https:\/\/www.mydatec.com\/fr\/fin-de-location-des-passoires-energetiques-dici-2028\/"},"wordCount":409,"publisher":{"@id":"https:\/\/www.mydatec.com\/fr\/#organization"},"articleSection":["Non classifi\u00e9(e)"],"inLanguage":"fr-FR"},{"@type":"WebPage","@id":"https:\/\/www.mydatec.com\/fr\/fin-de-location-des-passoires-energetiques-dici-2028\/","url":"https:\/\/www.mydatec.com\/fr\/fin-de-location-des-passoires-energetiques-dici-2028\/","name":"Fin de location des \"passoires \u00e9nerg\u00e9tiques\" d'ici 2028 -","isPartOf":{"@id":"https:\/\/www.mydatec.com\/fr\/#website"},"datePublished":"2021-02-18T10:42:09+00:00","dateModified":"2021-02-18T10:42:12+00:00","breadcrumb":{"@id":"https:\/\/www.mydatec.com\/fr\/fin-de-location-des-passoires-energetiques-dici-2028\/#breadcrumb"},"inLanguage":"fr-FR","potentialAction":[{"@type":"ReadAction","target":["https:\/\/www.mydatec.com\/fr\/fin-de-location-des-passoires-energetiques-dici-2028\/"]}]},{"@type":"BreadcrumbList","@id":"https:\/\/www.mydatec.com\/fr\/fin-de-location-des-passoires-energetiques-dici-2028\/#breadcrumb","itemListElement":[{"@type":"ListItem","position":1,"name":"Accueil","item":"https:\/\/www.mydatec.com\/fr\/"},{"@type":"ListItem","position":2,"name":"Fin de location des \u00ab\u00a0passoires \u00e9nerg\u00e9tiques\u00a0\u00bb d&rsquo;ici 2028"}]},{"@type":"WebSite","@id":"https:\/\/www.mydatec.com\/fr\/#website","url":"https:\/\/www.mydatec.com\/fr\/","name":"MyDATEC","description":"La solution thermodynamique","publisher":{"@id":"https:\/\/www.mydatec.com\/fr\/#organization"},"potentialAction":[{"@type":"SearchAction","target":{"@type":"EntryPoint","urlTemplate":"https:\/\/www.mydatec.com\/fr\/?s={search_term_string}"},"query-input":{"@type":"PropertyValueSpecification","valueRequired":true,"valueName":"search_term_string"}}],"inLanguage":"fr-FR"},{"@type":"Organization","@id":"https:\/\/www.mydatec.com\/fr\/#organization","name":"MyDatec","url":"https:\/\/www.mydatec.com\/fr\/","logo":{"@type":"ImageObject","inLanguage":"fr-FR","@id":"https:\/\/www.mydatec.com\/fr\/#\/schema\/logo\/image\/","url":"https:\/\/www.mydatec.com\/wp-content\/uploads\/2022\/01\/logo-mydatec.jpg","contentUrl":"https:\/\/www.mydatec.com\/wp-content\/uploads\/2022\/01\/logo-mydatec.jpg","width":434,"height":351,"caption":"MyDatec"},"image":{"@id":"https:\/\/www.mydatec.com\/fr\/#\/schema\/logo\/image\/"},"sameAs":["http:\/\/www.linkedin.com\/in\/MyDATEC"]},{"@type":"Person","@id":"https:\/\/www.mydatec.com\/fr\/#\/schema\/person\/8a955a8b03b4633336dc88624c72d23b","name":"Adesio","image":{"@type":"ImageObject","inLanguage":"fr-FR","@id":"https:\/\/secure.gravatar.com\/avatar\/911c38bd1b055d215e9e723f8cf5cf6e0410081766de691ba1ac706711e62d6c?s=96&d=mm&r=g","url":"https:\/\/secure.gravatar.com\/avatar\/911c38bd1b055d215e9e723f8cf5cf6e0410081766de691ba1ac706711e62d6c?s=96&d=mm&r=g","contentUrl":"https:\/\/secure.gravatar.com\/avatar\/911c38bd1b055d215e9e723f8cf5cf6e0410081766de691ba1ac706711e62d6c?s=96&d=mm&r=g","caption":"Adesio"}}]}},"_links":{"self":[{"href":"https:\/\/www.mydatec.com\/fr\/wp-json\/wp\/v2\/posts\/6491","targetHints":{"allow":["GET"]}}],"collection":[{"href":"https:\/\/www.mydatec.com\/fr\/wp-json\/wp\/v2\/posts"}],"about":[{"href":"https:\/\/www.mydatec.com\/fr\/wp-json\/wp\/v2\/types\/post"}],"author":[{"embeddable":true,"href":"https:\/\/www.mydatec.com\/fr\/wp-json\/wp\/v2\/users\/6"}],"replies":[{"embeddable":true,"href":"https:\/\/www.mydatec.com\/fr\/wp-json\/wp\/v2\/comments?post=6491"}],"version-history":[{"count":4,"href":"https:\/\/www.mydatec.com\/fr\/wp-json\/wp\/v2\/posts\/6491\/revisions"}],"predecessor-version":[{"id":6496,"href":"https:\/\/www.mydatec.com\/fr\/wp-json\/wp\/v2\/posts\/6491\/revisions\/6496"}],"wp:attachment":[{"href":"https:\/\/www.mydatec.com\/fr\/wp-json\/wp\/v2\/media?parent=6491"}],"wp:term":[{"taxonomy":"category","embeddable":true,"href":"https:\/\/www.mydatec.com\/fr\/wp-json\/wp\/v2\/categories?post=6491"},{"taxonomy":"post_tag","embeddable":true,"href":"https:\/\/www.mydatec.com\/fr\/wp-json\/wp\/v2\/tags?post=6491"}],"curies":[{"name":"wp","href":"https:\/\/api.w.org\/{rel}","templated":true}]}}