{"id":6476,"date":"2021-01-07T14:23:58","date_gmt":"2021-01-07T13:23:58","guid":{"rendered":"https:\/\/www.mydatec.com\/?p=6476"},"modified":"2021-01-07T14:29:29","modified_gmt":"2021-01-07T13:29:29","slug":"reunion-a-theme-en-ligne-comment-installer-soi-meme-son-systeme-de-ventilation","status":"publish","type":"post","link":"https:\/\/www.mydatec.com\/fr\/reunion-a-theme-en-ligne-comment-installer-soi-meme-son-systeme-de-ventilation\/","title":{"rendered":"R\u00e9union \u00e0 th\u00e8me en ligne : Comment installer soi-m\u00eame son syst\u00e8me de ventilation?"},"content":{"rendered":"\n<figure class=\"wp-block-image size-large is-resized\"><img decoding=\"async\" src=\"https:\/\/www.mydatec.com\/wp-content\/uploads\/2021\/01\/Logo-Castors_vert-2-petit-1.jpeg\" alt=\"\" class=\"wp-image-6478\" width=\"359\" height=\"140\" srcset=\"https:\/\/www.mydatec.com\/wp-content\/uploads\/2021\/01\/Logo-Castors_vert-2-petit-1-31x12.jpeg 31w, https:\/\/www.mydatec.com\/wp-content\/uploads\/2021\/01\/Logo-Castors_vert-2-petit-1-38x15.jpeg 38w, https:\/\/www.mydatec.com\/wp-content\/uploads\/2021\/01\/Logo-Castors_vert-2-petit-1-148x58.jpeg 148w, https:\/\/www.mydatec.com\/wp-content\/uploads\/2021\/01\/Logo-Castors_vert-2-petit-1-300x117.jpeg 300w, https:\/\/www.mydatec.com\/wp-content\/uploads\/2021\/01\/Logo-Castors_vert-2-petit-1-425x166.jpeg 425w, https:\/\/www.mydatec.com\/wp-content\/uploads\/2021\/01\/Logo-Castors_vert-2-petit-1.jpeg 680w\" sizes=\"(max-width: 359px) 100vw, 359px\" \/><\/figure>\n\n\n\n<p>En partenariat avec Les CASTORS, <strong>Thomas Aubin&nbsp;, responsable des ventes<\/strong>&nbsp;<strong>MyDatec<\/strong>, pr\u00e9sentera les&nbsp;<strong>fondamentaux d\u2019une installation de ventilation<\/strong>&nbsp;pour votre construction ou votre r\u00e9novation. Il abordera les mat\u00e9riaux, le mat\u00e9riel et la mise en \u0153uvre. <\/p>\n\n\n\n<p>Date : le 3 mars 2021 &#8211; en ligne<\/p>\n\n\n\n<h2 class=\"wp-block-heading\">\u00adAu programme :<\/h2>\n\n\n\n<ul class=\"wp-block-list\"><li>&nbsp;Pr\u00e9sentation des diff\u00e9rents mat\u00e9riels et composants d\u2019une installation : descriptif du syst\u00e8me, les gaines, les bouches<\/li><li>\u00ad&nbsp;Le montage : passage des gaines dans le volume chauff\u00e9 ou non<\/li><li>\u00ad&nbsp;La r\u00e9gulation<\/li><li>\u00ad&nbsp;Toutes les \u00e9tapes de votre chantier<\/li><li>Questions \/ r\u00e9ponses<\/li><\/ul>\n\n\n\n<p>Pour vous inscrire et\/ou en savoir plus, rendez-vous sur :  <a href=\"https:\/\/les-castors.fr\/events\/reunion-a-theme-en-ligne-comment-installer-soi-meme-son-systeme-de-ventilation\/\">R\u00e9union \u00e0 th\u00e8me en ligne : Comment installer soi-m\u00eame son syst\u00e8me de ventilation? &#8211; Les Castors (les-castors.fr)<\/a>  <\/p>\n","protected":false},"excerpt":{"rendered":"<p>En partenariat avec Les CASTORS, Thomas Aubin&nbsp;, responsable des ventes&nbsp;MyDatec, pr\u00e9sentera les&nbsp;fondamentaux d\u2019une installation de ventilation&nbsp;pour votre construction ou votre r\u00e9novation. Il abordera les mat\u00e9riaux,  [&#8230;]<\/p>\n","protected":false},"author":6,"featured_media":0,"comment_status":"closed","ping_status":"open","sticky":false,"template":"","format":"standard","meta":{"footnotes":""},"categories":[1],"tags":[],"class_list":["post-6476","post","type-post","status-publish","format-standard","hentry","category-non-classifiee"],"yoast_head":"<!-- This site is optimized with the Yoast SEO plugin v27.5 - https:\/\/yoast.com\/product\/yoast-seo-wordpress\/ -->\n<title>R\u00e9union \u00e0 th\u00e8me en ligne : Comment installer soi-m\u00eame son syst\u00e8me de ventilation? -<\/title>\n<meta name=\"robots\" content=\"index, follow, max-snippet:-1, max-image-preview:large, max-video-preview:-1\" \/>\n<link rel=\"canonical\" href=\"https:\/\/www.mydatec.com\/fr\/reunion-a-theme-en-ligne-comment-installer-soi-meme-son-systeme-de-ventilation\/\" \/>\n<meta property=\"og:locale\" content=\"fr_FR\" \/>\n<meta property=\"og:type\" content=\"article\" \/>\n<meta property=\"og:title\" content=\"R\u00e9union \u00e0 th\u00e8me en ligne : Comment installer soi-m\u00eame son syst\u00e8me de ventilation? -\" \/>\n<meta property=\"og:description\" content=\"En partenariat avec Les CASTORS, Thomas Aubin&nbsp;, responsable des ventes&nbsp;MyDatec, pr\u00e9sentera les&nbsp;fondamentaux d\u2019une installation de ventilation&nbsp;pour votre construction ou votre r\u00e9novation. Il abordera les mat\u00e9riaux, [...]\" \/>\n<meta property=\"og:url\" content=\"https:\/\/www.mydatec.com\/fr\/reunion-a-theme-en-ligne-comment-installer-soi-meme-son-systeme-de-ventilation\/\" \/>\n<meta property=\"og:site_name\" content=\"MyDATEC\" \/>\n<meta property=\"article:published_time\" content=\"2021-01-07T13:23:58+00:00\" \/>\n<meta property=\"article:modified_time\" content=\"2021-01-07T13:29:29+00:00\" \/>\n<meta property=\"og:image\" content=\"https:\/\/www.mydatec.com\/wp-content\/uploads\/2021\/01\/Logo-Castors_vert-2-petit-1.jpeg\" \/>\n<meta name=\"author\" content=\"Adesio\" \/>\n<meta name=\"twitter:label1\" content=\"\u00c9crit par\" \/>\n\t<meta name=\"twitter:data1\" content=\"Adesio\" \/>\n\t<meta name=\"twitter:label2\" content=\"Dur\u00e9e de lecture estim\u00e9e\" \/>\n\t<meta name=\"twitter:data2\" content=\"1 minute\" \/>\n<script type=\"application\/ld+json\" class=\"yoast-schema-graph\">{\"@context\":\"https:\\\/\\\/schema.org\",\"@graph\":[{\"@type\":\"Article\",\"@id\":\"https:\\\/\\\/www.mydatec.com\\\/fr\\\/reunion-a-theme-en-ligne-comment-installer-soi-meme-son-systeme-de-ventilation\\\/#article\",\"isPartOf\":{\"@id\":\"https:\\\/\\\/www.mydatec.com\\\/fr\\\/reunion-a-theme-en-ligne-comment-installer-soi-meme-son-systeme-de-ventilation\\\/\"},\"author\":{\"name\":\"Adesio\",\"@id\":\"https:\\\/\\\/www.mydatec.com\\\/fr\\\/#\\\/schema\\\/person\\\/8a955a8b03b4633336dc88624c72d23b\"},\"headline\":\"R\u00e9union \u00e0 th\u00e8me en ligne : Comment installer soi-m\u00eame son syst\u00e8me de ventilation?\",\"datePublished\":\"2021-01-07T13:23:58+00:00\",\"dateModified\":\"2021-01-07T13:29:29+00:00\",\"mainEntityOfPage\":{\"@id\":\"https:\\\/\\\/www.mydatec.com\\\/fr\\\/reunion-a-theme-en-ligne-comment-installer-soi-meme-son-systeme-de-ventilation\\\/\"},\"wordCount\":144,\"publisher\":{\"@id\":\"https:\\\/\\\/www.mydatec.com\\\/fr\\\/#organization\"},\"image\":{\"@id\":\"https:\\\/\\\/www.mydatec.com\\\/fr\\\/reunion-a-theme-en-ligne-comment-installer-soi-meme-son-systeme-de-ventilation\\\/#primaryimage\"},\"thumbnailUrl\":\"https:\\\/\\\/www.mydatec.com\\\/wp-content\\\/uploads\\\/2021\\\/01\\\/Logo-Castors_vert-2-petit-1.jpeg\",\"articleSection\":[\"Non classifi\u00e9(e)\"],\"inLanguage\":\"fr-FR\"},{\"@type\":\"WebPage\",\"@id\":\"https:\\\/\\\/www.mydatec.com\\\/fr\\\/reunion-a-theme-en-ligne-comment-installer-soi-meme-son-systeme-de-ventilation\\\/\",\"url\":\"https:\\\/\\\/www.mydatec.com\\\/fr\\\/reunion-a-theme-en-ligne-comment-installer-soi-meme-son-systeme-de-ventilation\\\/\",\"name\":\"R\u00e9union \u00e0 th\u00e8me en ligne : Comment installer soi-m\u00eame son syst\u00e8me de ventilation? -\",\"isPartOf\":{\"@id\":\"https:\\\/\\\/www.mydatec.com\\\/fr\\\/#website\"},\"primaryImageOfPage\":{\"@id\":\"https:\\\/\\\/www.mydatec.com\\\/fr\\\/reunion-a-theme-en-ligne-comment-installer-soi-meme-son-systeme-de-ventilation\\\/#primaryimage\"},\"image\":{\"@id\":\"https:\\\/\\\/www.mydatec.com\\\/fr\\\/reunion-a-theme-en-ligne-comment-installer-soi-meme-son-systeme-de-ventilation\\\/#primaryimage\"},\"thumbnailUrl\":\"https:\\\/\\\/www.mydatec.com\\\/wp-content\\\/uploads\\\/2021\\\/01\\\/Logo-Castors_vert-2-petit-1.jpeg\",\"datePublished\":\"2021-01-07T13:23:58+00:00\",\"dateModified\":\"2021-01-07T13:29:29+00:00\",\"breadcrumb\":{\"@id\":\"https:\\\/\\\/www.mydatec.com\\\/fr\\\/reunion-a-theme-en-ligne-comment-installer-soi-meme-son-systeme-de-ventilation\\\/#breadcrumb\"},\"inLanguage\":\"fr-FR\",\"potentialAction\":[{\"@type\":\"ReadAction\",\"target\":[\"https:\\\/\\\/www.mydatec.com\\\/fr\\\/reunion-a-theme-en-ligne-comment-installer-soi-meme-son-systeme-de-ventilation\\\/\"]}]},{\"@type\":\"ImageObject\",\"inLanguage\":\"fr-FR\",\"@id\":\"https:\\\/\\\/www.mydatec.com\\\/fr\\\/reunion-a-theme-en-ligne-comment-installer-soi-meme-son-systeme-de-ventilation\\\/#primaryimage\",\"url\":\"https:\\\/\\\/www.mydatec.com\\\/wp-content\\\/uploads\\\/2021\\\/01\\\/Logo-Castors_vert-2-petit-1.jpeg\",\"contentUrl\":\"https:\\\/\\\/www.mydatec.com\\\/wp-content\\\/uploads\\\/2021\\\/01\\\/Logo-Castors_vert-2-petit-1.jpeg\"},{\"@type\":\"BreadcrumbList\",\"@id\":\"https:\\\/\\\/www.mydatec.com\\\/fr\\\/reunion-a-theme-en-ligne-comment-installer-soi-meme-son-systeme-de-ventilation\\\/#breadcrumb\",\"itemListElement\":[{\"@type\":\"ListItem\",\"position\":1,\"name\":\"Accueil\",\"item\":\"https:\\\/\\\/www.mydatec.com\\\/fr\\\/\"},{\"@type\":\"ListItem\",\"position\":2,\"name\":\"R\u00e9union \u00e0 th\u00e8me en ligne : Comment installer soi-m\u00eame son syst\u00e8me de ventilation?\"}]},{\"@type\":\"WebSite\",\"@id\":\"https:\\\/\\\/www.mydatec.com\\\/fr\\\/#website\",\"url\":\"https:\\\/\\\/www.mydatec.com\\\/fr\\\/\",\"name\":\"MyDATEC\",\"description\":\"La solution thermodynamique\",\"publisher\":{\"@id\":\"https:\\\/\\\/www.mydatec.com\\\/fr\\\/#organization\"},\"potentialAction\":[{\"@type\":\"SearchAction\",\"target\":{\"@type\":\"EntryPoint\",\"urlTemplate\":\"https:\\\/\\\/www.mydatec.com\\\/fr\\\/?s={search_term_string}\"},\"query-input\":{\"@type\":\"PropertyValueSpecification\",\"valueRequired\":true,\"valueName\":\"search_term_string\"}}],\"inLanguage\":\"fr-FR\"},{\"@type\":\"Organization\",\"@id\":\"https:\\\/\\\/www.mydatec.com\\\/fr\\\/#organization\",\"name\":\"MyDatec\",\"url\":\"https:\\\/\\\/www.mydatec.com\\\/fr\\\/\",\"logo\":{\"@type\":\"ImageObject\",\"inLanguage\":\"fr-FR\",\"@id\":\"https:\\\/\\\/www.mydatec.com\\\/fr\\\/#\\\/schema\\\/logo\\\/image\\\/\",\"url\":\"https:\\\/\\\/www.mydatec.com\\\/wp-content\\\/uploads\\\/2022\\\/01\\\/logo-mydatec.jpg\",\"contentUrl\":\"https:\\\/\\\/www.mydatec.com\\\/wp-content\\\/uploads\\\/2022\\\/01\\\/logo-mydatec.jpg\",\"width\":434,\"height\":351,\"caption\":\"MyDatec\"},\"image\":{\"@id\":\"https:\\\/\\\/www.mydatec.com\\\/fr\\\/#\\\/schema\\\/logo\\\/image\\\/\"},\"sameAs\":[\"http:\\\/\\\/www.linkedin.com\\\/in\\\/MyDATEC\"]},{\"@type\":\"Person\",\"@id\":\"https:\\\/\\\/www.mydatec.com\\\/fr\\\/#\\\/schema\\\/person\\\/8a955a8b03b4633336dc88624c72d23b\",\"name\":\"Adesio\",\"image\":{\"@type\":\"ImageObject\",\"inLanguage\":\"fr-FR\",\"@id\":\"https:\\\/\\\/secure.gravatar.com\\\/avatar\\\/911c38bd1b055d215e9e723f8cf5cf6e0410081766de691ba1ac706711e62d6c?s=96&d=mm&r=g\",\"url\":\"https:\\\/\\\/secure.gravatar.com\\\/avatar\\\/911c38bd1b055d215e9e723f8cf5cf6e0410081766de691ba1ac706711e62d6c?s=96&d=mm&r=g\",\"contentUrl\":\"https:\\\/\\\/secure.gravatar.com\\\/avatar\\\/911c38bd1b055d215e9e723f8cf5cf6e0410081766de691ba1ac706711e62d6c?s=96&d=mm&r=g\",\"caption\":\"Adesio\"}}]}<\/script>\n<!-- \/ Yoast SEO plugin. -->","yoast_head_json":{"title":"R\u00e9union \u00e0 th\u00e8me en ligne : Comment installer soi-m\u00eame son syst\u00e8me de ventilation? -","robots":{"index":"index","follow":"follow","max-snippet":"max-snippet:-1","max-image-preview":"max-image-preview:large","max-video-preview":"max-video-preview:-1"},"canonical":"https:\/\/www.mydatec.com\/fr\/reunion-a-theme-en-ligne-comment-installer-soi-meme-son-systeme-de-ventilation\/","og_locale":"fr_FR","og_type":"article","og_title":"R\u00e9union \u00e0 th\u00e8me en ligne : Comment installer soi-m\u00eame son syst\u00e8me de ventilation? -","og_description":"En partenariat avec Les CASTORS, Thomas Aubin&nbsp;, responsable des ventes&nbsp;MyDatec, pr\u00e9sentera les&nbsp;fondamentaux d\u2019une installation de ventilation&nbsp;pour votre construction ou votre r\u00e9novation. Il abordera les mat\u00e9riaux, [...]","og_url":"https:\/\/www.mydatec.com\/fr\/reunion-a-theme-en-ligne-comment-installer-soi-meme-son-systeme-de-ventilation\/","og_site_name":"MyDATEC","article_published_time":"2021-01-07T13:23:58+00:00","article_modified_time":"2021-01-07T13:29:29+00:00","og_image":[{"url":"https:\/\/www.mydatec.com\/wp-content\/uploads\/2021\/01\/Logo-Castors_vert-2-petit-1.jpeg","type":"","width":"","height":""}],"author":"Adesio","twitter_misc":{"\u00c9crit par":"Adesio","Dur\u00e9e de lecture estim\u00e9e":"1 minute"},"schema":{"@context":"https:\/\/schema.org","@graph":[{"@type":"Article","@id":"https:\/\/www.mydatec.com\/fr\/reunion-a-theme-en-ligne-comment-installer-soi-meme-son-systeme-de-ventilation\/#article","isPartOf":{"@id":"https:\/\/www.mydatec.com\/fr\/reunion-a-theme-en-ligne-comment-installer-soi-meme-son-systeme-de-ventilation\/"},"author":{"name":"Adesio","@id":"https:\/\/www.mydatec.com\/fr\/#\/schema\/person\/8a955a8b03b4633336dc88624c72d23b"},"headline":"R\u00e9union \u00e0 th\u00e8me en ligne : Comment installer soi-m\u00eame son syst\u00e8me de ventilation?","datePublished":"2021-01-07T13:23:58+00:00","dateModified":"2021-01-07T13:29:29+00:00","mainEntityOfPage":{"@id":"https:\/\/www.mydatec.com\/fr\/reunion-a-theme-en-ligne-comment-installer-soi-meme-son-systeme-de-ventilation\/"},"wordCount":144,"publisher":{"@id":"https:\/\/www.mydatec.com\/fr\/#organization"},"image":{"@id":"https:\/\/www.mydatec.com\/fr\/reunion-a-theme-en-ligne-comment-installer-soi-meme-son-systeme-de-ventilation\/#primaryimage"},"thumbnailUrl":"https:\/\/www.mydatec.com\/wp-content\/uploads\/2021\/01\/Logo-Castors_vert-2-petit-1.jpeg","articleSection":["Non classifi\u00e9(e)"],"inLanguage":"fr-FR"},{"@type":"WebPage","@id":"https:\/\/www.mydatec.com\/fr\/reunion-a-theme-en-ligne-comment-installer-soi-meme-son-systeme-de-ventilation\/","url":"https:\/\/www.mydatec.com\/fr\/reunion-a-theme-en-ligne-comment-installer-soi-meme-son-systeme-de-ventilation\/","name":"R\u00e9union \u00e0 th\u00e8me en ligne : Comment installer soi-m\u00eame son syst\u00e8me de ventilation? -","isPartOf":{"@id":"https:\/\/www.mydatec.com\/fr\/#website"},"primaryImageOfPage":{"@id":"https:\/\/www.mydatec.com\/fr\/reunion-a-theme-en-ligne-comment-installer-soi-meme-son-systeme-de-ventilation\/#primaryimage"},"image":{"@id":"https:\/\/www.mydatec.com\/fr\/reunion-a-theme-en-ligne-comment-installer-soi-meme-son-systeme-de-ventilation\/#primaryimage"},"thumbnailUrl":"https:\/\/www.mydatec.com\/wp-content\/uploads\/2021\/01\/Logo-Castors_vert-2-petit-1.jpeg","datePublished":"2021-01-07T13:23:58+00:00","dateModified":"2021-01-07T13:29:29+00:00","breadcrumb":{"@id":"https:\/\/www.mydatec.com\/fr\/reunion-a-theme-en-ligne-comment-installer-soi-meme-son-systeme-de-ventilation\/#breadcrumb"},"inLanguage":"fr-FR","potentialAction":[{"@type":"ReadAction","target":["https:\/\/www.mydatec.com\/fr\/reunion-a-theme-en-ligne-comment-installer-soi-meme-son-systeme-de-ventilation\/"]}]},{"@type":"ImageObject","inLanguage":"fr-FR","@id":"https:\/\/www.mydatec.com\/fr\/reunion-a-theme-en-ligne-comment-installer-soi-meme-son-systeme-de-ventilation\/#primaryimage","url":"https:\/\/www.mydatec.com\/wp-content\/uploads\/2021\/01\/Logo-Castors_vert-2-petit-1.jpeg","contentUrl":"https:\/\/www.mydatec.com\/wp-content\/uploads\/2021\/01\/Logo-Castors_vert-2-petit-1.jpeg"},{"@type":"BreadcrumbList","@id":"https:\/\/www.mydatec.com\/fr\/reunion-a-theme-en-ligne-comment-installer-soi-meme-son-systeme-de-ventilation\/#breadcrumb","itemListElement":[{"@type":"ListItem","position":1,"name":"Accueil","item":"https:\/\/www.mydatec.com\/fr\/"},{"@type":"ListItem","position":2,"name":"R\u00e9union \u00e0 th\u00e8me en ligne : Comment installer soi-m\u00eame son syst\u00e8me de ventilation?"}]},{"@type":"WebSite","@id":"https:\/\/www.mydatec.com\/fr\/#website","url":"https:\/\/www.mydatec.com\/fr\/","name":"MyDATEC","description":"La solution thermodynamique","publisher":{"@id":"https:\/\/www.mydatec.com\/fr\/#organization"},"potentialAction":[{"@type":"SearchAction","target":{"@type":"EntryPoint","urlTemplate":"https:\/\/www.mydatec.com\/fr\/?s={search_term_string}"},"query-input":{"@type":"PropertyValueSpecification","valueRequired":true,"valueName":"search_term_string"}}],"inLanguage":"fr-FR"},{"@type":"Organization","@id":"https:\/\/www.mydatec.com\/fr\/#organization","name":"MyDatec","url":"https:\/\/www.mydatec.com\/fr\/","logo":{"@type":"ImageObject","inLanguage":"fr-FR","@id":"https:\/\/www.mydatec.com\/fr\/#\/schema\/logo\/image\/","url":"https:\/\/www.mydatec.com\/wp-content\/uploads\/2022\/01\/logo-mydatec.jpg","contentUrl":"https:\/\/www.mydatec.com\/wp-content\/uploads\/2022\/01\/logo-mydatec.jpg","width":434,"height":351,"caption":"MyDatec"},"image":{"@id":"https:\/\/www.mydatec.com\/fr\/#\/schema\/logo\/image\/"},"sameAs":["http:\/\/www.linkedin.com\/in\/MyDATEC"]},{"@type":"Person","@id":"https:\/\/www.mydatec.com\/fr\/#\/schema\/person\/8a955a8b03b4633336dc88624c72d23b","name":"Adesio","image":{"@type":"ImageObject","inLanguage":"fr-FR","@id":"https:\/\/secure.gravatar.com\/avatar\/911c38bd1b055d215e9e723f8cf5cf6e0410081766de691ba1ac706711e62d6c?s=96&d=mm&r=g","url":"https:\/\/secure.gravatar.com\/avatar\/911c38bd1b055d215e9e723f8cf5cf6e0410081766de691ba1ac706711e62d6c?s=96&d=mm&r=g","contentUrl":"https:\/\/secure.gravatar.com\/avatar\/911c38bd1b055d215e9e723f8cf5cf6e0410081766de691ba1ac706711e62d6c?s=96&d=mm&r=g","caption":"Adesio"}}]}},"_links":{"self":[{"href":"https:\/\/www.mydatec.com\/fr\/wp-json\/wp\/v2\/posts\/6476","targetHints":{"allow":["GET"]}}],"collection":[{"href":"https:\/\/www.mydatec.com\/fr\/wp-json\/wp\/v2\/posts"}],"about":[{"href":"https:\/\/www.mydatec.com\/fr\/wp-json\/wp\/v2\/types\/post"}],"author":[{"embeddable":true,"href":"https:\/\/www.mydatec.com\/fr\/wp-json\/wp\/v2\/users\/6"}],"replies":[{"embeddable":true,"href":"https:\/\/www.mydatec.com\/fr\/wp-json\/wp\/v2\/comments?post=6476"}],"version-history":[{"count":2,"href":"https:\/\/www.mydatec.com\/fr\/wp-json\/wp\/v2\/posts\/6476\/revisions"}],"predecessor-version":[{"id":6480,"href":"https:\/\/www.mydatec.com\/fr\/wp-json\/wp\/v2\/posts\/6476\/revisions\/6480"}],"wp:attachment":[{"href":"https:\/\/www.mydatec.com\/fr\/wp-json\/wp\/v2\/media?parent=6476"}],"wp:term":[{"taxonomy":"category","embeddable":true,"href":"https:\/\/www.mydatec.com\/fr\/wp-json\/wp\/v2\/categories?post=6476"},{"taxonomy":"post_tag","embeddable":true,"href":"https:\/\/www.mydatec.com\/fr\/wp-json\/wp\/v2\/tags?post=6476"}],"curies":[{"name":"wp","href":"https:\/\/api.w.org\/{rel}","templated":true}]}}