{"id":6271,"date":"2020-03-30T09:52:20","date_gmt":"2020-03-30T08:52:20","guid":{"rendered":"https:\/\/www.mydatec.com\/?p=6271"},"modified":"2020-04-14T23:20:38","modified_gmt":"2020-04-14T22:20:38","slug":"les-plus-mydatec-lequipement-assemble-en-france-pour-une-seule-source-de-chauffage","status":"publish","type":"post","link":"https:\/\/www.mydatec.com\/fr\/les-plus-mydatec-lequipement-assemble-en-france-pour-une-seule-source-de-chauffage\/","title":{"rendered":"Les \u00ab\u00a0plus\u00a0\u00bb :  MyDATEC la VMC assembl\u00e9e en France pour une seule source de chauffage"},"content":{"rendered":"\n<p>Plus qu&rsquo;une solution de VMC, votre centrale MyDATEC devient l&rsquo;\u00e9l\u00e9ment essentiel au sein de votre maison. En effet, en plus du confort de rafra\u00eechissement l&rsquo;\u00e9t\u00e9, votre \u00e9quipement MyDATEC est bien souvent utilis\u00e9 <strong><a href=\"https:\/\/www.mydatec.com\/my-datec-seule-source-de-chauffage\/\">comme seule source de chauffage<\/a><\/strong> notamment dans les habitats neufs o\u00f9 l&rsquo;isolation est optimale.<\/p>\n\n\n\n<p>Nos clients ne s&rsquo;y sont pas tromp\u00e9s : ils sont aussi nombreux \u00e0 reconna\u00eetre les <a href=\"https:\/\/www.mydatec.com\/principe-vmc-thermodynamique\/economie-denergie\/\">\u00e9conomies d&rsquo;\u00e9nergie<\/a> r\u00e9alis\u00e9es et <a href=\"https:\/\/www.mydatec.com\/temoignage-client-my-datec-gain-de-place\/\">le gain de place<\/a> de cette solution compl\u00e8te.<\/p>\n\n\n\n<p><em>Bon \u00e0 savoir : il existe la possibilit\u00e9 d&rsquo;ajouter des compl\u00e9ments \u00e0 votre machine : des <a href=\"https:\/\/www.mydatec.com\/produits-vmc-double-flux-thermodynamique\/reserve-puissance\/\">r\u00e9serves de puissance (po\u00eale \u00e0 bois, po\u00eale \u00e0 b\u00fbches, puits canadiens&#8230;)<\/a> permettant d\u2019apporter un <strong>apport calorifique suppl\u00e9mentaire<\/strong>.<\/em><\/p>\n\n\n\n<div class=\"wp-block-image\"><figure class=\"aligncenter size-large\"><img decoding=\"async\" width=\"200\" height=\"108\" src=\"https:\/\/www.mydatec.com\/wp-content\/uploads\/2017\/11\/Les-3-apports-MyDATEC-300x162-e1509701513377.png\" alt=\"Les 3 apports MyDATEC - miniature\" class=\"wp-image-4634\"\/><figcaption>Les apports MyDATEC<\/figcaption><\/figure><\/div>\n\n\n\n<p>Une fois votre projet valid\u00e9, les kits r\u00e9seaux et accessoires r\u00e9alis\u00e9s sur-mesure <strong>sont assembl\u00e9s dans notre atelier <a href=\"https:\/\/www.mydatec.com\/service-vmc-double-flux-assistance\/garantie-mydatec\/\">en France<\/a><\/strong>. En effet,  En plus  d&rsquo;une <a href=\"https:\/\/www.mydatec.com\/votre-vmc-double-flux-thermodynamique-un-prix-sur-mesure-service-compris\/\">v\u00e9ritable personnalisation de votre proje<\/a>t, vous b\u00e9n\u00e9ficiez ainsi d&rsquo;une \u00e9quipe d\u00e9di\u00e9e . <\/p>\n\n\n\n<p>Pour rappel : les \u00e9tudes men\u00e9es permettent de vous  fournir le r\u00e9seau a\u00e9raulique adapt\u00e9 \u00e0 votre habitat (r\u00e9seau d\u2019insufflation et extraction de l\u2019air vici\u00e9). Il inclut les bouches d\u2019insufflation et d\u2019extraction, les manchettes, les gaines, les caissons de r\u00e9partition&#8230; En plus de ce kit, votre VMC est livr\u00e9e avec un kit d\u2019accessoires pr\u00eat-\u00e0-poser, avec tous les composants n\u00e9cessaires \u00e0 son bon fonctionnement.  <strong>Notre \u00e9quipe r\u00e9alise  <a href=\"https:\/\/www.mydatec.com\/produits-vmc-double-flux-thermodynamique\/kit-reseau-accessoires\/\">l&rsquo;assemblage des kits<\/a> au sein m\u00eame de notre atelier.<\/strong><\/p>\n\n\n\n<div class=\"wp-block-image\"><figure class=\"aligncenter size-large\"><img decoding=\"async\" width=\"550\" height=\"377\" src=\"https:\/\/www.mydatec.com\/wp-content\/uploads\/2015\/12\/mydatec-schema-maison.jpg\" alt=\"\" class=\"wp-image-6043\" srcset=\"https:\/\/www.mydatec.com\/wp-content\/uploads\/2015\/12\/mydatec-schema-maison-31x21.jpg 31w, https:\/\/www.mydatec.com\/wp-content\/uploads\/2015\/12\/mydatec-schema-maison-38x26.jpg 38w, https:\/\/www.mydatec.com\/wp-content\/uploads\/2015\/12\/mydatec-schema-maison-148x101.jpg 148w, https:\/\/www.mydatec.com\/wp-content\/uploads\/2015\/12\/mydatec-schema-maison-300x206.jpg 300w, https:\/\/www.mydatec.com\/wp-content\/uploads\/2015\/12\/mydatec-schema-maison-314x215.jpg 314w, https:\/\/www.mydatec.com\/wp-content\/uploads\/2015\/12\/mydatec-schema-maison.jpg 550w\" sizes=\"(max-width: 550px) 100vw, 550px\" \/><figcaption>L&rsquo;assemblage du kit est r\u00e9alis\u00e9 en France <\/figcaption><\/figure><\/div>\n\n\n\n<p>  <\/p>\n","protected":false},"excerpt":{"rendered":"<p>Plus qu&rsquo;une solution de VMC, votre centrale MyDATEC devient l&rsquo;\u00e9l\u00e9ment essentiel au sein de votre maison. En effet, en plus du confort de rafra\u00eechissement l&rsquo;\u00e9t\u00e9,  [&#8230;]<\/p>\n","protected":false},"author":6,"featured_media":0,"comment_status":"closed","ping_status":"open","sticky":false,"template":"","format":"standard","meta":{"footnotes":""},"categories":[1],"tags":[],"class_list":["post-6271","post","type-post","status-publish","format-standard","hentry","category-non-classifiee"],"yoast_head":"<!-- This site is optimized with the Yoast SEO plugin v27.5 - https:\/\/yoast.com\/product\/yoast-seo-wordpress\/ -->\n<title>Les &quot;plus&quot; : MyDATEC la VMC assembl\u00e9e en France pour une seule source de chauffage -<\/title>\n<meta name=\"robots\" content=\"index, follow, max-snippet:-1, max-image-preview:large, max-video-preview:-1\" \/>\n<link rel=\"canonical\" href=\"https:\/\/www.mydatec.com\/fr\/les-plus-mydatec-lequipement-assemble-en-france-pour-une-seule-source-de-chauffage\/\" \/>\n<meta property=\"og:locale\" content=\"fr_FR\" \/>\n<meta property=\"og:type\" content=\"article\" \/>\n<meta property=\"og:title\" content=\"Les &quot;plus&quot; : MyDATEC la VMC assembl\u00e9e en France pour une seule source de chauffage -\" \/>\n<meta property=\"og:description\" content=\"Plus qu&rsquo;une solution de VMC, votre centrale MyDATEC devient l&rsquo;\u00e9l\u00e9ment essentiel au sein de votre maison. En effet, en plus du confort de rafra\u00eechissement l&rsquo;\u00e9t\u00e9, [...]\" \/>\n<meta property=\"og:url\" content=\"https:\/\/www.mydatec.com\/fr\/les-plus-mydatec-lequipement-assemble-en-france-pour-une-seule-source-de-chauffage\/\" \/>\n<meta property=\"og:site_name\" content=\"MyDATEC\" \/>\n<meta property=\"article:published_time\" content=\"2020-03-30T08:52:20+00:00\" \/>\n<meta property=\"article:modified_time\" content=\"2020-04-14T22:20:38+00:00\" \/>\n<meta property=\"og:image\" content=\"https:\/\/www.mydatec.com\/wp-content\/uploads\/2017\/11\/Les-3-apports-MyDATEC-300x162-e1509701513377.png\" \/>\n<meta name=\"author\" content=\"Adesio\" \/>\n<meta name=\"twitter:label1\" content=\"\u00c9crit par\" \/>\n\t<meta name=\"twitter:data1\" content=\"Adesio\" \/>\n\t<meta name=\"twitter:label2\" content=\"Dur\u00e9e de lecture estim\u00e9e\" \/>\n\t<meta name=\"twitter:data2\" content=\"1 minute\" \/>\n<script type=\"application\/ld+json\" class=\"yoast-schema-graph\">{\"@context\":\"https:\\\/\\\/schema.org\",\"@graph\":[{\"@type\":\"Article\",\"@id\":\"https:\\\/\\\/www.mydatec.com\\\/fr\\\/les-plus-mydatec-lequipement-assemble-en-france-pour-une-seule-source-de-chauffage\\\/#article\",\"isPartOf\":{\"@id\":\"https:\\\/\\\/www.mydatec.com\\\/fr\\\/les-plus-mydatec-lequipement-assemble-en-france-pour-une-seule-source-de-chauffage\\\/\"},\"author\":{\"name\":\"Adesio\",\"@id\":\"https:\\\/\\\/www.mydatec.com\\\/fr\\\/#\\\/schema\\\/person\\\/8a955a8b03b4633336dc88624c72d23b\"},\"headline\":\"Les \u00ab\u00a0plus\u00a0\u00bb : MyDATEC la VMC assembl\u00e9e en France pour une seule source de chauffage\",\"datePublished\":\"2020-03-30T08:52:20+00:00\",\"dateModified\":\"2020-04-14T22:20:38+00:00\",\"mainEntityOfPage\":{\"@id\":\"https:\\\/\\\/www.mydatec.com\\\/fr\\\/les-plus-mydatec-lequipement-assemble-en-france-pour-une-seule-source-de-chauffage\\\/\"},\"wordCount\":280,\"publisher\":{\"@id\":\"https:\\\/\\\/www.mydatec.com\\\/fr\\\/#organization\"},\"image\":{\"@id\":\"https:\\\/\\\/www.mydatec.com\\\/fr\\\/les-plus-mydatec-lequipement-assemble-en-france-pour-une-seule-source-de-chauffage\\\/#primaryimage\"},\"thumbnailUrl\":\"https:\\\/\\\/www.mydatec.com\\\/wp-content\\\/uploads\\\/2017\\\/11\\\/Les-3-apports-MyDATEC-300x162-e1509701513377.png\",\"articleSection\":[\"Non classifi\u00e9(e)\"],\"inLanguage\":\"fr-FR\"},{\"@type\":\"WebPage\",\"@id\":\"https:\\\/\\\/www.mydatec.com\\\/fr\\\/les-plus-mydatec-lequipement-assemble-en-france-pour-une-seule-source-de-chauffage\\\/\",\"url\":\"https:\\\/\\\/www.mydatec.com\\\/fr\\\/les-plus-mydatec-lequipement-assemble-en-france-pour-une-seule-source-de-chauffage\\\/\",\"name\":\"Les \\\"plus\\\" : MyDATEC la VMC assembl\u00e9e en France pour une seule source de chauffage -\",\"isPartOf\":{\"@id\":\"https:\\\/\\\/www.mydatec.com\\\/fr\\\/#website\"},\"primaryImageOfPage\":{\"@id\":\"https:\\\/\\\/www.mydatec.com\\\/fr\\\/les-plus-mydatec-lequipement-assemble-en-france-pour-une-seule-source-de-chauffage\\\/#primaryimage\"},\"image\":{\"@id\":\"https:\\\/\\\/www.mydatec.com\\\/fr\\\/les-plus-mydatec-lequipement-assemble-en-france-pour-une-seule-source-de-chauffage\\\/#primaryimage\"},\"thumbnailUrl\":\"https:\\\/\\\/www.mydatec.com\\\/wp-content\\\/uploads\\\/2017\\\/11\\\/Les-3-apports-MyDATEC-300x162-e1509701513377.png\",\"datePublished\":\"2020-03-30T08:52:20+00:00\",\"dateModified\":\"2020-04-14T22:20:38+00:00\",\"breadcrumb\":{\"@id\":\"https:\\\/\\\/www.mydatec.com\\\/fr\\\/les-plus-mydatec-lequipement-assemble-en-france-pour-une-seule-source-de-chauffage\\\/#breadcrumb\"},\"inLanguage\":\"fr-FR\",\"potentialAction\":[{\"@type\":\"ReadAction\",\"target\":[\"https:\\\/\\\/www.mydatec.com\\\/fr\\\/les-plus-mydatec-lequipement-assemble-en-france-pour-une-seule-source-de-chauffage\\\/\"]}]},{\"@type\":\"ImageObject\",\"inLanguage\":\"fr-FR\",\"@id\":\"https:\\\/\\\/www.mydatec.com\\\/fr\\\/les-plus-mydatec-lequipement-assemble-en-france-pour-une-seule-source-de-chauffage\\\/#primaryimage\",\"url\":\"https:\\\/\\\/www.mydatec.com\\\/wp-content\\\/uploads\\\/2017\\\/11\\\/Les-3-apports-MyDATEC-300x162-e1509701513377.png\",\"contentUrl\":\"https:\\\/\\\/www.mydatec.com\\\/wp-content\\\/uploads\\\/2017\\\/11\\\/Les-3-apports-MyDATEC-300x162-e1509701513377.png\"},{\"@type\":\"BreadcrumbList\",\"@id\":\"https:\\\/\\\/www.mydatec.com\\\/fr\\\/les-plus-mydatec-lequipement-assemble-en-france-pour-une-seule-source-de-chauffage\\\/#breadcrumb\",\"itemListElement\":[{\"@type\":\"ListItem\",\"position\":1,\"name\":\"Accueil\",\"item\":\"https:\\\/\\\/www.mydatec.com\\\/fr\\\/\"},{\"@type\":\"ListItem\",\"position\":2,\"name\":\"Les \u00ab\u00a0plus\u00a0\u00bb : MyDATEC la VMC assembl\u00e9e en France pour une seule source de chauffage\"}]},{\"@type\":\"WebSite\",\"@id\":\"https:\\\/\\\/www.mydatec.com\\\/fr\\\/#website\",\"url\":\"https:\\\/\\\/www.mydatec.com\\\/fr\\\/\",\"name\":\"MyDATEC\",\"description\":\"La solution thermodynamique\",\"publisher\":{\"@id\":\"https:\\\/\\\/www.mydatec.com\\\/fr\\\/#organization\"},\"potentialAction\":[{\"@type\":\"SearchAction\",\"target\":{\"@type\":\"EntryPoint\",\"urlTemplate\":\"https:\\\/\\\/www.mydatec.com\\\/fr\\\/?s={search_term_string}\"},\"query-input\":{\"@type\":\"PropertyValueSpecification\",\"valueRequired\":true,\"valueName\":\"search_term_string\"}}],\"inLanguage\":\"fr-FR\"},{\"@type\":\"Organization\",\"@id\":\"https:\\\/\\\/www.mydatec.com\\\/fr\\\/#organization\",\"name\":\"MyDatec\",\"url\":\"https:\\\/\\\/www.mydatec.com\\\/fr\\\/\",\"logo\":{\"@type\":\"ImageObject\",\"inLanguage\":\"fr-FR\",\"@id\":\"https:\\\/\\\/www.mydatec.com\\\/fr\\\/#\\\/schema\\\/logo\\\/image\\\/\",\"url\":\"https:\\\/\\\/www.mydatec.com\\\/wp-content\\\/uploads\\\/2022\\\/01\\\/logo-mydatec.jpg\",\"contentUrl\":\"https:\\\/\\\/www.mydatec.com\\\/wp-content\\\/uploads\\\/2022\\\/01\\\/logo-mydatec.jpg\",\"width\":434,\"height\":351,\"caption\":\"MyDatec\"},\"image\":{\"@id\":\"https:\\\/\\\/www.mydatec.com\\\/fr\\\/#\\\/schema\\\/logo\\\/image\\\/\"},\"sameAs\":[\"http:\\\/\\\/www.linkedin.com\\\/in\\\/MyDATEC\"]},{\"@type\":\"Person\",\"@id\":\"https:\\\/\\\/www.mydatec.com\\\/fr\\\/#\\\/schema\\\/person\\\/8a955a8b03b4633336dc88624c72d23b\",\"name\":\"Adesio\",\"image\":{\"@type\":\"ImageObject\",\"inLanguage\":\"fr-FR\",\"@id\":\"https:\\\/\\\/secure.gravatar.com\\\/avatar\\\/911c38bd1b055d215e9e723f8cf5cf6e0410081766de691ba1ac706711e62d6c?s=96&d=mm&r=g\",\"url\":\"https:\\\/\\\/secure.gravatar.com\\\/avatar\\\/911c38bd1b055d215e9e723f8cf5cf6e0410081766de691ba1ac706711e62d6c?s=96&d=mm&r=g\",\"contentUrl\":\"https:\\\/\\\/secure.gravatar.com\\\/avatar\\\/911c38bd1b055d215e9e723f8cf5cf6e0410081766de691ba1ac706711e62d6c?s=96&d=mm&r=g\",\"caption\":\"Adesio\"}}]}<\/script>\n<!-- \/ Yoast SEO plugin. -->","yoast_head_json":{"title":"Les \"plus\" : MyDATEC la VMC assembl\u00e9e en France pour une seule source de chauffage -","robots":{"index":"index","follow":"follow","max-snippet":"max-snippet:-1","max-image-preview":"max-image-preview:large","max-video-preview":"max-video-preview:-1"},"canonical":"https:\/\/www.mydatec.com\/fr\/les-plus-mydatec-lequipement-assemble-en-france-pour-une-seule-source-de-chauffage\/","og_locale":"fr_FR","og_type":"article","og_title":"Les \"plus\" : MyDATEC la VMC assembl\u00e9e en France pour une seule source de chauffage -","og_description":"Plus qu&rsquo;une solution de VMC, votre centrale MyDATEC devient l&rsquo;\u00e9l\u00e9ment essentiel au sein de votre maison. En effet, en plus du confort de rafra\u00eechissement l&rsquo;\u00e9t\u00e9, [...]","og_url":"https:\/\/www.mydatec.com\/fr\/les-plus-mydatec-lequipement-assemble-en-france-pour-une-seule-source-de-chauffage\/","og_site_name":"MyDATEC","article_published_time":"2020-03-30T08:52:20+00:00","article_modified_time":"2020-04-14T22:20:38+00:00","og_image":[{"url":"https:\/\/www.mydatec.com\/wp-content\/uploads\/2017\/11\/Les-3-apports-MyDATEC-300x162-e1509701513377.png","type":"","width":"","height":""}],"author":"Adesio","twitter_misc":{"\u00c9crit par":"Adesio","Dur\u00e9e de lecture estim\u00e9e":"1 minute"},"schema":{"@context":"https:\/\/schema.org","@graph":[{"@type":"Article","@id":"https:\/\/www.mydatec.com\/fr\/les-plus-mydatec-lequipement-assemble-en-france-pour-une-seule-source-de-chauffage\/#article","isPartOf":{"@id":"https:\/\/www.mydatec.com\/fr\/les-plus-mydatec-lequipement-assemble-en-france-pour-une-seule-source-de-chauffage\/"},"author":{"name":"Adesio","@id":"https:\/\/www.mydatec.com\/fr\/#\/schema\/person\/8a955a8b03b4633336dc88624c72d23b"},"headline":"Les \u00ab\u00a0plus\u00a0\u00bb : MyDATEC la VMC assembl\u00e9e en France pour une seule source de chauffage","datePublished":"2020-03-30T08:52:20+00:00","dateModified":"2020-04-14T22:20:38+00:00","mainEntityOfPage":{"@id":"https:\/\/www.mydatec.com\/fr\/les-plus-mydatec-lequipement-assemble-en-france-pour-une-seule-source-de-chauffage\/"},"wordCount":280,"publisher":{"@id":"https:\/\/www.mydatec.com\/fr\/#organization"},"image":{"@id":"https:\/\/www.mydatec.com\/fr\/les-plus-mydatec-lequipement-assemble-en-france-pour-une-seule-source-de-chauffage\/#primaryimage"},"thumbnailUrl":"https:\/\/www.mydatec.com\/wp-content\/uploads\/2017\/11\/Les-3-apports-MyDATEC-300x162-e1509701513377.png","articleSection":["Non classifi\u00e9(e)"],"inLanguage":"fr-FR"},{"@type":"WebPage","@id":"https:\/\/www.mydatec.com\/fr\/les-plus-mydatec-lequipement-assemble-en-france-pour-une-seule-source-de-chauffage\/","url":"https:\/\/www.mydatec.com\/fr\/les-plus-mydatec-lequipement-assemble-en-france-pour-une-seule-source-de-chauffage\/","name":"Les \"plus\" : MyDATEC la VMC assembl\u00e9e en France pour une seule source de chauffage -","isPartOf":{"@id":"https:\/\/www.mydatec.com\/fr\/#website"},"primaryImageOfPage":{"@id":"https:\/\/www.mydatec.com\/fr\/les-plus-mydatec-lequipement-assemble-en-france-pour-une-seule-source-de-chauffage\/#primaryimage"},"image":{"@id":"https:\/\/www.mydatec.com\/fr\/les-plus-mydatec-lequipement-assemble-en-france-pour-une-seule-source-de-chauffage\/#primaryimage"},"thumbnailUrl":"https:\/\/www.mydatec.com\/wp-content\/uploads\/2017\/11\/Les-3-apports-MyDATEC-300x162-e1509701513377.png","datePublished":"2020-03-30T08:52:20+00:00","dateModified":"2020-04-14T22:20:38+00:00","breadcrumb":{"@id":"https:\/\/www.mydatec.com\/fr\/les-plus-mydatec-lequipement-assemble-en-france-pour-une-seule-source-de-chauffage\/#breadcrumb"},"inLanguage":"fr-FR","potentialAction":[{"@type":"ReadAction","target":["https:\/\/www.mydatec.com\/fr\/les-plus-mydatec-lequipement-assemble-en-france-pour-une-seule-source-de-chauffage\/"]}]},{"@type":"ImageObject","inLanguage":"fr-FR","@id":"https:\/\/www.mydatec.com\/fr\/les-plus-mydatec-lequipement-assemble-en-france-pour-une-seule-source-de-chauffage\/#primaryimage","url":"https:\/\/www.mydatec.com\/wp-content\/uploads\/2017\/11\/Les-3-apports-MyDATEC-300x162-e1509701513377.png","contentUrl":"https:\/\/www.mydatec.com\/wp-content\/uploads\/2017\/11\/Les-3-apports-MyDATEC-300x162-e1509701513377.png"},{"@type":"BreadcrumbList","@id":"https:\/\/www.mydatec.com\/fr\/les-plus-mydatec-lequipement-assemble-en-france-pour-une-seule-source-de-chauffage\/#breadcrumb","itemListElement":[{"@type":"ListItem","position":1,"name":"Accueil","item":"https:\/\/www.mydatec.com\/fr\/"},{"@type":"ListItem","position":2,"name":"Les \u00ab\u00a0plus\u00a0\u00bb : MyDATEC la VMC assembl\u00e9e en France pour une seule source de chauffage"}]},{"@type":"WebSite","@id":"https:\/\/www.mydatec.com\/fr\/#website","url":"https:\/\/www.mydatec.com\/fr\/","name":"MyDATEC","description":"La solution thermodynamique","publisher":{"@id":"https:\/\/www.mydatec.com\/fr\/#organization"},"potentialAction":[{"@type":"SearchAction","target":{"@type":"EntryPoint","urlTemplate":"https:\/\/www.mydatec.com\/fr\/?s={search_term_string}"},"query-input":{"@type":"PropertyValueSpecification","valueRequired":true,"valueName":"search_term_string"}}],"inLanguage":"fr-FR"},{"@type":"Organization","@id":"https:\/\/www.mydatec.com\/fr\/#organization","name":"MyDatec","url":"https:\/\/www.mydatec.com\/fr\/","logo":{"@type":"ImageObject","inLanguage":"fr-FR","@id":"https:\/\/www.mydatec.com\/fr\/#\/schema\/logo\/image\/","url":"https:\/\/www.mydatec.com\/wp-content\/uploads\/2022\/01\/logo-mydatec.jpg","contentUrl":"https:\/\/www.mydatec.com\/wp-content\/uploads\/2022\/01\/logo-mydatec.jpg","width":434,"height":351,"caption":"MyDatec"},"image":{"@id":"https:\/\/www.mydatec.com\/fr\/#\/schema\/logo\/image\/"},"sameAs":["http:\/\/www.linkedin.com\/in\/MyDATEC"]},{"@type":"Person","@id":"https:\/\/www.mydatec.com\/fr\/#\/schema\/person\/8a955a8b03b4633336dc88624c72d23b","name":"Adesio","image":{"@type":"ImageObject","inLanguage":"fr-FR","@id":"https:\/\/secure.gravatar.com\/avatar\/911c38bd1b055d215e9e723f8cf5cf6e0410081766de691ba1ac706711e62d6c?s=96&d=mm&r=g","url":"https:\/\/secure.gravatar.com\/avatar\/911c38bd1b055d215e9e723f8cf5cf6e0410081766de691ba1ac706711e62d6c?s=96&d=mm&r=g","contentUrl":"https:\/\/secure.gravatar.com\/avatar\/911c38bd1b055d215e9e723f8cf5cf6e0410081766de691ba1ac706711e62d6c?s=96&d=mm&r=g","caption":"Adesio"}}]}},"_links":{"self":[{"href":"https:\/\/www.mydatec.com\/fr\/wp-json\/wp\/v2\/posts\/6271","targetHints":{"allow":["GET"]}}],"collection":[{"href":"https:\/\/www.mydatec.com\/fr\/wp-json\/wp\/v2\/posts"}],"about":[{"href":"https:\/\/www.mydatec.com\/fr\/wp-json\/wp\/v2\/types\/post"}],"author":[{"embeddable":true,"href":"https:\/\/www.mydatec.com\/fr\/wp-json\/wp\/v2\/users\/6"}],"replies":[{"embeddable":true,"href":"https:\/\/www.mydatec.com\/fr\/wp-json\/wp\/v2\/comments?post=6271"}],"version-history":[{"count":5,"href":"https:\/\/www.mydatec.com\/fr\/wp-json\/wp\/v2\/posts\/6271\/revisions"}],"predecessor-version":[{"id":6298,"href":"https:\/\/www.mydatec.com\/fr\/wp-json\/wp\/v2\/posts\/6271\/revisions\/6298"}],"wp:attachment":[{"href":"https:\/\/www.mydatec.com\/fr\/wp-json\/wp\/v2\/media?parent=6271"}],"wp:term":[{"taxonomy":"category","embeddable":true,"href":"https:\/\/www.mydatec.com\/fr\/wp-json\/wp\/v2\/categories?post=6271"},{"taxonomy":"post_tag","embeddable":true,"href":"https:\/\/www.mydatec.com\/fr\/wp-json\/wp\/v2\/tags?post=6271"}],"curies":[{"name":"wp","href":"https:\/\/api.w.org\/{rel}","templated":true}]}}