{"id":6223,"date":"2020-02-18T14:38:43","date_gmt":"2020-02-18T13:38:43","guid":{"rendered":"https:\/\/www.mydatec.com\/?p=6223"},"modified":"2020-04-14T23:20:49","modified_gmt":"2020-04-14T22:20:49","slug":"temoignage-client-my-datec-gain-de-place","status":"publish","type":"post","link":"https:\/\/www.mydatec.com\/fr\/temoignage-client-my-datec-gain-de-place\/","title":{"rendered":"T\u00e9moignage client : MyDatec gain de place"},"content":{"rendered":"\n<p>Maison \u00e0 ossature bois dans laquelle nous y sommes depuis\nnovembre 2019.<\/p>\n\n\n\n<p>Nous sommes dans la r\u00e9gion de l\u2019Est et nous avons eu quelques\njours \u00e0 -8\u00b0 en Janvier et nous n\u2019avons pas eu besoin de compl\u00e9ment de\nchauffage.<\/p>\n\n\n\n<p>Ce syst\u00e8me de chauffage est <a href=\"https:\/\/www.mydatec.com\/principe-vmc-thermodynamique\/confort\/\">tr\u00e8s facile d\u2019utilisation<\/a>, avec comme gros avantage : pas de radiateur donc un sacr\u00e9 gain de place !<\/p>\n\n\n\n<figure class=\"wp-block-image size-large\"><img decoding=\"async\" width=\"813\" height=\"610\" src=\"https:\/\/www.mydatec.com\/wp-content\/uploads\/2020\/02\/Image1.png\" alt=\"\" class=\"wp-image-6224\" srcset=\"https:\/\/www.mydatec.com\/wp-content\/uploads\/2020\/02\/Image1-31x23.png 31w, https:\/\/www.mydatec.com\/wp-content\/uploads\/2020\/02\/Image1-38x29.png 38w, https:\/\/www.mydatec.com\/wp-content\/uploads\/2020\/02\/Image1-148x111.png 148w, https:\/\/www.mydatec.com\/wp-content\/uploads\/2020\/02\/Image1-287x215.png 287w, https:\/\/www.mydatec.com\/wp-content\/uploads\/2020\/02\/Image1-300x225.png 300w, https:\/\/www.mydatec.com\/wp-content\/uploads\/2020\/02\/Image1-768x576.png 768w, https:\/\/www.mydatec.com\/wp-content\/uploads\/2020\/02\/Image1.png 813w\" sizes=\"(max-width: 813px) 100vw, 813px\" \/><figcaption>Maison Ossature bois &#8211; Etage &#8211; D\u00e9partement 70 &#8211; Centrale My DATEC  200 V<\/figcaption><\/figure>\n\n\n\n<p>Merci \u00e0 Madame B. pour son retour et sa confiance !<\/p>\n","protected":false},"excerpt":{"rendered":"<p>Maison \u00e0 ossature bois dans laquelle nous y sommes depuis novembre 2019. Nous sommes dans la r\u00e9gion de l\u2019Est et nous avons eu quelques jours  [&#8230;]<\/p>\n","protected":false},"author":6,"featured_media":0,"comment_status":"closed","ping_status":"closed","sticky":false,"template":"","format":"standard","meta":{"footnotes":""},"categories":[1],"tags":[],"class_list":["post-6223","post","type-post","status-publish","format-standard","hentry","category-non-classifiee"],"yoast_head":"<!-- This site is optimized with the Yoast SEO plugin v27.5 - https:\/\/yoast.com\/product\/yoast-seo-wordpress\/ -->\n<title>T\u00e9moignage client : MyDatec gain de place -<\/title>\n<meta name=\"robots\" content=\"index, follow, max-snippet:-1, max-image-preview:large, max-video-preview:-1\" \/>\n<link rel=\"canonical\" href=\"https:\/\/www.mydatec.com\/fr\/temoignage-client-my-datec-gain-de-place\/\" \/>\n<meta property=\"og:locale\" content=\"fr_FR\" \/>\n<meta property=\"og:type\" content=\"article\" \/>\n<meta property=\"og:title\" content=\"T\u00e9moignage client : MyDatec gain de place -\" \/>\n<meta property=\"og:description\" content=\"Maison \u00e0 ossature bois dans laquelle nous y sommes depuis novembre 2019. Nous sommes dans la r\u00e9gion de l\u2019Est et nous avons eu quelques jours [...]\" \/>\n<meta property=\"og:url\" content=\"https:\/\/www.mydatec.com\/fr\/temoignage-client-my-datec-gain-de-place\/\" \/>\n<meta property=\"og:site_name\" content=\"MyDATEC\" \/>\n<meta property=\"article:published_time\" content=\"2020-02-18T13:38:43+00:00\" \/>\n<meta property=\"article:modified_time\" content=\"2020-04-14T22:20:49+00:00\" \/>\n<meta property=\"og:image\" content=\"https:\/\/www.mydatec.com\/wp-content\/uploads\/2020\/02\/Image1.png\" \/>\n<meta name=\"author\" content=\"Adesio\" \/>\n<meta name=\"twitter:label1\" content=\"\u00c9crit par\" \/>\n\t<meta name=\"twitter:data1\" content=\"Adesio\" \/>\n<script type=\"application\/ld+json\" class=\"yoast-schema-graph\">{\"@context\":\"https:\\\/\\\/schema.org\",\"@graph\":[{\"@type\":\"Article\",\"@id\":\"https:\\\/\\\/www.mydatec.com\\\/fr\\\/temoignage-client-my-datec-gain-de-place\\\/#article\",\"isPartOf\":{\"@id\":\"https:\\\/\\\/www.mydatec.com\\\/fr\\\/temoignage-client-my-datec-gain-de-place\\\/\"},\"author\":{\"name\":\"Adesio\",\"@id\":\"https:\\\/\\\/www.mydatec.com\\\/fr\\\/#\\\/schema\\\/person\\\/8a955a8b03b4633336dc88624c72d23b\"},\"headline\":\"T\u00e9moignage client : MyDatec gain de place\",\"datePublished\":\"2020-02-18T13:38:43+00:00\",\"dateModified\":\"2020-04-14T22:20:49+00:00\",\"mainEntityOfPage\":{\"@id\":\"https:\\\/\\\/www.mydatec.com\\\/fr\\\/temoignage-client-my-datec-gain-de-place\\\/\"},\"wordCount\":93,\"publisher\":{\"@id\":\"https:\\\/\\\/www.mydatec.com\\\/fr\\\/#organization\"},\"image\":{\"@id\":\"https:\\\/\\\/www.mydatec.com\\\/fr\\\/temoignage-client-my-datec-gain-de-place\\\/#primaryimage\"},\"thumbnailUrl\":\"https:\\\/\\\/www.mydatec.com\\\/wp-content\\\/uploads\\\/2020\\\/02\\\/Image1.png\",\"articleSection\":[\"Non classifi\u00e9(e)\"],\"inLanguage\":\"fr-FR\"},{\"@type\":\"WebPage\",\"@id\":\"https:\\\/\\\/www.mydatec.com\\\/fr\\\/temoignage-client-my-datec-gain-de-place\\\/\",\"url\":\"https:\\\/\\\/www.mydatec.com\\\/fr\\\/temoignage-client-my-datec-gain-de-place\\\/\",\"name\":\"T\u00e9moignage client : MyDatec gain de place -\",\"isPartOf\":{\"@id\":\"https:\\\/\\\/www.mydatec.com\\\/fr\\\/#website\"},\"primaryImageOfPage\":{\"@id\":\"https:\\\/\\\/www.mydatec.com\\\/fr\\\/temoignage-client-my-datec-gain-de-place\\\/#primaryimage\"},\"image\":{\"@id\":\"https:\\\/\\\/www.mydatec.com\\\/fr\\\/temoignage-client-my-datec-gain-de-place\\\/#primaryimage\"},\"thumbnailUrl\":\"https:\\\/\\\/www.mydatec.com\\\/wp-content\\\/uploads\\\/2020\\\/02\\\/Image1.png\",\"datePublished\":\"2020-02-18T13:38:43+00:00\",\"dateModified\":\"2020-04-14T22:20:49+00:00\",\"breadcrumb\":{\"@id\":\"https:\\\/\\\/www.mydatec.com\\\/fr\\\/temoignage-client-my-datec-gain-de-place\\\/#breadcrumb\"},\"inLanguage\":\"fr-FR\",\"potentialAction\":[{\"@type\":\"ReadAction\",\"target\":[\"https:\\\/\\\/www.mydatec.com\\\/fr\\\/temoignage-client-my-datec-gain-de-place\\\/\"]}]},{\"@type\":\"ImageObject\",\"inLanguage\":\"fr-FR\",\"@id\":\"https:\\\/\\\/www.mydatec.com\\\/fr\\\/temoignage-client-my-datec-gain-de-place\\\/#primaryimage\",\"url\":\"https:\\\/\\\/www.mydatec.com\\\/wp-content\\\/uploads\\\/2020\\\/02\\\/Image1.png\",\"contentUrl\":\"https:\\\/\\\/www.mydatec.com\\\/wp-content\\\/uploads\\\/2020\\\/02\\\/Image1.png\"},{\"@type\":\"BreadcrumbList\",\"@id\":\"https:\\\/\\\/www.mydatec.com\\\/fr\\\/temoignage-client-my-datec-gain-de-place\\\/#breadcrumb\",\"itemListElement\":[{\"@type\":\"ListItem\",\"position\":1,\"name\":\"Accueil\",\"item\":\"https:\\\/\\\/www.mydatec.com\\\/fr\\\/\"},{\"@type\":\"ListItem\",\"position\":2,\"name\":\"T\u00e9moignage client : MyDatec gain de place\"}]},{\"@type\":\"WebSite\",\"@id\":\"https:\\\/\\\/www.mydatec.com\\\/fr\\\/#website\",\"url\":\"https:\\\/\\\/www.mydatec.com\\\/fr\\\/\",\"name\":\"MyDATEC\",\"description\":\"La solution thermodynamique\",\"publisher\":{\"@id\":\"https:\\\/\\\/www.mydatec.com\\\/fr\\\/#organization\"},\"potentialAction\":[{\"@type\":\"SearchAction\",\"target\":{\"@type\":\"EntryPoint\",\"urlTemplate\":\"https:\\\/\\\/www.mydatec.com\\\/fr\\\/?s={search_term_string}\"},\"query-input\":{\"@type\":\"PropertyValueSpecification\",\"valueRequired\":true,\"valueName\":\"search_term_string\"}}],\"inLanguage\":\"fr-FR\"},{\"@type\":\"Organization\",\"@id\":\"https:\\\/\\\/www.mydatec.com\\\/fr\\\/#organization\",\"name\":\"MyDatec\",\"url\":\"https:\\\/\\\/www.mydatec.com\\\/fr\\\/\",\"logo\":{\"@type\":\"ImageObject\",\"inLanguage\":\"fr-FR\",\"@id\":\"https:\\\/\\\/www.mydatec.com\\\/fr\\\/#\\\/schema\\\/logo\\\/image\\\/\",\"url\":\"https:\\\/\\\/www.mydatec.com\\\/wp-content\\\/uploads\\\/2022\\\/01\\\/logo-mydatec.jpg\",\"contentUrl\":\"https:\\\/\\\/www.mydatec.com\\\/wp-content\\\/uploads\\\/2022\\\/01\\\/logo-mydatec.jpg\",\"width\":434,\"height\":351,\"caption\":\"MyDatec\"},\"image\":{\"@id\":\"https:\\\/\\\/www.mydatec.com\\\/fr\\\/#\\\/schema\\\/logo\\\/image\\\/\"},\"sameAs\":[\"http:\\\/\\\/www.linkedin.com\\\/in\\\/MyDATEC\"]},{\"@type\":\"Person\",\"@id\":\"https:\\\/\\\/www.mydatec.com\\\/fr\\\/#\\\/schema\\\/person\\\/8a955a8b03b4633336dc88624c72d23b\",\"name\":\"Adesio\",\"image\":{\"@type\":\"ImageObject\",\"inLanguage\":\"fr-FR\",\"@id\":\"https:\\\/\\\/secure.gravatar.com\\\/avatar\\\/911c38bd1b055d215e9e723f8cf5cf6e0410081766de691ba1ac706711e62d6c?s=96&d=mm&r=g\",\"url\":\"https:\\\/\\\/secure.gravatar.com\\\/avatar\\\/911c38bd1b055d215e9e723f8cf5cf6e0410081766de691ba1ac706711e62d6c?s=96&d=mm&r=g\",\"contentUrl\":\"https:\\\/\\\/secure.gravatar.com\\\/avatar\\\/911c38bd1b055d215e9e723f8cf5cf6e0410081766de691ba1ac706711e62d6c?s=96&d=mm&r=g\",\"caption\":\"Adesio\"}}]}<\/script>\n<!-- \/ Yoast SEO plugin. -->","yoast_head_json":{"title":"T\u00e9moignage client : MyDatec gain de place -","robots":{"index":"index","follow":"follow","max-snippet":"max-snippet:-1","max-image-preview":"max-image-preview:large","max-video-preview":"max-video-preview:-1"},"canonical":"https:\/\/www.mydatec.com\/fr\/temoignage-client-my-datec-gain-de-place\/","og_locale":"fr_FR","og_type":"article","og_title":"T\u00e9moignage client : MyDatec gain de place -","og_description":"Maison \u00e0 ossature bois dans laquelle nous y sommes depuis novembre 2019. Nous sommes dans la r\u00e9gion de l\u2019Est et nous avons eu quelques jours [...]","og_url":"https:\/\/www.mydatec.com\/fr\/temoignage-client-my-datec-gain-de-place\/","og_site_name":"MyDATEC","article_published_time":"2020-02-18T13:38:43+00:00","article_modified_time":"2020-04-14T22:20:49+00:00","og_image":[{"url":"https:\/\/www.mydatec.com\/wp-content\/uploads\/2020\/02\/Image1.png","type":"","width":"","height":""}],"author":"Adesio","twitter_misc":{"\u00c9crit par":"Adesio"},"schema":{"@context":"https:\/\/schema.org","@graph":[{"@type":"Article","@id":"https:\/\/www.mydatec.com\/fr\/temoignage-client-my-datec-gain-de-place\/#article","isPartOf":{"@id":"https:\/\/www.mydatec.com\/fr\/temoignage-client-my-datec-gain-de-place\/"},"author":{"name":"Adesio","@id":"https:\/\/www.mydatec.com\/fr\/#\/schema\/person\/8a955a8b03b4633336dc88624c72d23b"},"headline":"T\u00e9moignage client : MyDatec gain de place","datePublished":"2020-02-18T13:38:43+00:00","dateModified":"2020-04-14T22:20:49+00:00","mainEntityOfPage":{"@id":"https:\/\/www.mydatec.com\/fr\/temoignage-client-my-datec-gain-de-place\/"},"wordCount":93,"publisher":{"@id":"https:\/\/www.mydatec.com\/fr\/#organization"},"image":{"@id":"https:\/\/www.mydatec.com\/fr\/temoignage-client-my-datec-gain-de-place\/#primaryimage"},"thumbnailUrl":"https:\/\/www.mydatec.com\/wp-content\/uploads\/2020\/02\/Image1.png","articleSection":["Non classifi\u00e9(e)"],"inLanguage":"fr-FR"},{"@type":"WebPage","@id":"https:\/\/www.mydatec.com\/fr\/temoignage-client-my-datec-gain-de-place\/","url":"https:\/\/www.mydatec.com\/fr\/temoignage-client-my-datec-gain-de-place\/","name":"T\u00e9moignage client : MyDatec gain de place -","isPartOf":{"@id":"https:\/\/www.mydatec.com\/fr\/#website"},"primaryImageOfPage":{"@id":"https:\/\/www.mydatec.com\/fr\/temoignage-client-my-datec-gain-de-place\/#primaryimage"},"image":{"@id":"https:\/\/www.mydatec.com\/fr\/temoignage-client-my-datec-gain-de-place\/#primaryimage"},"thumbnailUrl":"https:\/\/www.mydatec.com\/wp-content\/uploads\/2020\/02\/Image1.png","datePublished":"2020-02-18T13:38:43+00:00","dateModified":"2020-04-14T22:20:49+00:00","breadcrumb":{"@id":"https:\/\/www.mydatec.com\/fr\/temoignage-client-my-datec-gain-de-place\/#breadcrumb"},"inLanguage":"fr-FR","potentialAction":[{"@type":"ReadAction","target":["https:\/\/www.mydatec.com\/fr\/temoignage-client-my-datec-gain-de-place\/"]}]},{"@type":"ImageObject","inLanguage":"fr-FR","@id":"https:\/\/www.mydatec.com\/fr\/temoignage-client-my-datec-gain-de-place\/#primaryimage","url":"https:\/\/www.mydatec.com\/wp-content\/uploads\/2020\/02\/Image1.png","contentUrl":"https:\/\/www.mydatec.com\/wp-content\/uploads\/2020\/02\/Image1.png"},{"@type":"BreadcrumbList","@id":"https:\/\/www.mydatec.com\/fr\/temoignage-client-my-datec-gain-de-place\/#breadcrumb","itemListElement":[{"@type":"ListItem","position":1,"name":"Accueil","item":"https:\/\/www.mydatec.com\/fr\/"},{"@type":"ListItem","position":2,"name":"T\u00e9moignage client : MyDatec gain de place"}]},{"@type":"WebSite","@id":"https:\/\/www.mydatec.com\/fr\/#website","url":"https:\/\/www.mydatec.com\/fr\/","name":"MyDATEC","description":"La solution thermodynamique","publisher":{"@id":"https:\/\/www.mydatec.com\/fr\/#organization"},"potentialAction":[{"@type":"SearchAction","target":{"@type":"EntryPoint","urlTemplate":"https:\/\/www.mydatec.com\/fr\/?s={search_term_string}"},"query-input":{"@type":"PropertyValueSpecification","valueRequired":true,"valueName":"search_term_string"}}],"inLanguage":"fr-FR"},{"@type":"Organization","@id":"https:\/\/www.mydatec.com\/fr\/#organization","name":"MyDatec","url":"https:\/\/www.mydatec.com\/fr\/","logo":{"@type":"ImageObject","inLanguage":"fr-FR","@id":"https:\/\/www.mydatec.com\/fr\/#\/schema\/logo\/image\/","url":"https:\/\/www.mydatec.com\/wp-content\/uploads\/2022\/01\/logo-mydatec.jpg","contentUrl":"https:\/\/www.mydatec.com\/wp-content\/uploads\/2022\/01\/logo-mydatec.jpg","width":434,"height":351,"caption":"MyDatec"},"image":{"@id":"https:\/\/www.mydatec.com\/fr\/#\/schema\/logo\/image\/"},"sameAs":["http:\/\/www.linkedin.com\/in\/MyDATEC"]},{"@type":"Person","@id":"https:\/\/www.mydatec.com\/fr\/#\/schema\/person\/8a955a8b03b4633336dc88624c72d23b","name":"Adesio","image":{"@type":"ImageObject","inLanguage":"fr-FR","@id":"https:\/\/secure.gravatar.com\/avatar\/911c38bd1b055d215e9e723f8cf5cf6e0410081766de691ba1ac706711e62d6c?s=96&d=mm&r=g","url":"https:\/\/secure.gravatar.com\/avatar\/911c38bd1b055d215e9e723f8cf5cf6e0410081766de691ba1ac706711e62d6c?s=96&d=mm&r=g","contentUrl":"https:\/\/secure.gravatar.com\/avatar\/911c38bd1b055d215e9e723f8cf5cf6e0410081766de691ba1ac706711e62d6c?s=96&d=mm&r=g","caption":"Adesio"}}]}},"_links":{"self":[{"href":"https:\/\/www.mydatec.com\/fr\/wp-json\/wp\/v2\/posts\/6223","targetHints":{"allow":["GET"]}}],"collection":[{"href":"https:\/\/www.mydatec.com\/fr\/wp-json\/wp\/v2\/posts"}],"about":[{"href":"https:\/\/www.mydatec.com\/fr\/wp-json\/wp\/v2\/types\/post"}],"author":[{"embeddable":true,"href":"https:\/\/www.mydatec.com\/fr\/wp-json\/wp\/v2\/users\/6"}],"replies":[{"embeddable":true,"href":"https:\/\/www.mydatec.com\/fr\/wp-json\/wp\/v2\/comments?post=6223"}],"version-history":[{"count":5,"href":"https:\/\/www.mydatec.com\/fr\/wp-json\/wp\/v2\/posts\/6223\/revisions"}],"predecessor-version":[{"id":6240,"href":"https:\/\/www.mydatec.com\/fr\/wp-json\/wp\/v2\/posts\/6223\/revisions\/6240"}],"wp:attachment":[{"href":"https:\/\/www.mydatec.com\/fr\/wp-json\/wp\/v2\/media?parent=6223"}],"wp:term":[{"taxonomy":"category","embeddable":true,"href":"https:\/\/www.mydatec.com\/fr\/wp-json\/wp\/v2\/categories?post=6223"},{"taxonomy":"post_tag","embeddable":true,"href":"https:\/\/www.mydatec.com\/fr\/wp-json\/wp\/v2\/tags?post=6223"}],"curies":[{"name":"wp","href":"https:\/\/api.w.org\/{rel}","templated":true}]}}