{"id":6002,"date":"2019-11-21T14:37:21","date_gmt":"2019-11-21T13:37:21","guid":{"rendered":"https:\/\/www.mydatec.com\/?p=6002"},"modified":"2020-09-14T14:45:28","modified_gmt":"2020-09-14T13:45:28","slug":"votre-vmc-double-flux-thermodynamique-un-prix-sur-mesure-service-compris","status":"publish","type":"post","link":"https:\/\/www.mydatec.com\/fr\/votre-vmc-double-flux-thermodynamique-un-prix-sur-mesure-service-compris\/","title":{"rendered":"MyDATEC :  un prix sur mesure pour votre VMC"},"content":{"rendered":"\n<p>Au-del\u00e0 d\u2019une simple proposition de <strong>tarif pour votre VMC double flux thermodynamique<\/strong>, l\u2019\u00e9quipe My Datec vous propose une solution compl\u00e8te. De l&rsquo;\u00e9tude technique jusqu&rsquo;au service apr\u00e8s-vente de votre installation, elle vous accompagne tout au long de votre projet.&nbsp; <\/p>\n\n\n\n<h2 class=\"wp-block-heading\">Partir de vos besoins et de votre environnement technique pour d\u00e9finir une VMC adapt\u00e9e<\/h2>\n\n\n\n<ul class=\"wp-block-list\"><li><strong>D\u00e9terminer la puissance de votre VMC<\/strong><\/li><\/ul>\n\n\n\n<p>En amont de votre projet, nos experts techniques effectuent une <strong>\u00e9tude de dimensionnement de la centrale<\/strong>  (200, 250, 300 m3\/H) <\/p>\n\n\n\n<p>De quoi s&rsquo;agit-il ? A partir des plans de votre logement, nous analysons le <strong>d\u00e9bit d&rsquo;extraction r\u00e9glementaire<\/strong> n\u00e9cessaire. A cela, nous regardons <strong>l&#8217;emplacement pr\u00e9vu pour la machine<\/strong>. (En effet, l&rsquo;environnement : une buanderie, un local technique ou encore des combles (obligatoirement isol\u00e9s et id\u00e9alement chauff\u00e9s), conditionne la solution d&rsquo;installation propos\u00e9e).  Et alors, nous d\u00e9finissons le dimensionnement de la centrale la plus adapt\u00e9 \u00e0 votre habitat.  <\/p>\n\n\n\n<ul class=\"wp-block-list\"><li><strong>D\u00e9finir le mod\u00e8le de centrale adapt\u00e9<\/strong><\/li><\/ul>\n\n\n\n<p>A partir de l&rsquo;analyse de ces plans toujours, nous allons pouvoir d\u00e9terminer le <a href=\"https:\/\/www.mydatec.com\/machines\/\">mod\u00e8le de VMC double flux thermodynamique<\/a> (Smart V, Smart H, Smart 200+)  le plus ad\u00e9quate. <\/p>\n\n\n\n<p><em><a href=\"https:\/\/www.mydatec.com\/machines\/\">D\u00e9couvrir nos produits<\/a><\/em><\/p>\n\n\n\n<h2 class=\"wp-block-heading\">S\u00e9lectionner le kit r\u00e9seau et accessoires pour mettre en service votre machine<\/h2>\n\n\n\n<p>Une fois le mod\u00e8le et la puissance de la centrale d\u00e9termin\u00e9s, nous pouvons s\u00e9lectionner <strong>le kit r\u00e9seau et accessoires<\/strong> correspondant.<\/p>\n\n\n\n<ul class=\"wp-block-list\"><li><strong>Un kit r\u00e9seau a\u00e9raulique personnalis\u00e9<\/strong><\/li><\/ul>\n\n\n\n<p>Nous menons une seconde \u00e9tude pour fournir le <strong>r\u00e9seau a\u00e9raulique adapt\u00e9 \u00e0 l\u2019habitat<\/strong> (r\u00e9seau d\u2019insufflation et extraction de l\u2019air vici\u00e9). Il inclut les bouches d\u2019insufflation et d\u2019extraction, les manchettes, les gaines, les caissons de r\u00e9partition&#8230;. Le kit est cr\u00e9\u00e9 sur mesure, il est totalement adapt\u00e9 \u00e0 votre projet d\u2019installation.<\/p>\n\n\n\n<p>Notre Kit r\u00e9seau comporte 2 types de forfaits :&nbsp;<br>&#8211; Forfaits plain-pied&nbsp;: 100 m2, 160 m2 et 200 m2<br>&#8211; Forfaits \u00e9tage&nbsp;:&nbsp; 100 m2, 160 m2 et 200 m2<\/p>\n\n\n\n<ul class=\"wp-block-list\"><li><strong>Le kit d&rsquo;accessoires<\/strong><\/li><\/ul>\n\n\n\n<p>Votre VMC est g\u00e9n\u00e9ralement <strong>livr\u00e9e avec un kit d\u2019accessoires pr\u00eat-\u00e0-poser<\/strong>, avec tous les accessoires et composants n\u00e9cessaire \u00e0 son bon fonctionnement.  <\/p>\n\n\n\n<p><em>En savoir plus sur nos <\/em><a href=\"https:\/\/www.mydatec.com\/produits-vmc-double-flux-thermodynamique\/kit-reseau-accessoires\/\"><em>\u00ab\u00a0kits r\u00e9seaux et accessoires\u00a0\u00bb<\/em><\/a><\/p>\n\n\n\n<h2 class=\"wp-block-heading\">Fournir le plan de montage et le sch\u00e9ma \u00e9lectrique<\/h2>\n\n\n\n<p>Ensuite, nous effectuons un <strong>plan de montage ou d\u2019assemblag<\/strong>e (indique la position des bouches, le passage des gaines &#8230;) permettant d\u2019<strong>optimiser la diffusion de l\u2019air dans la maison<\/strong> tout en prenant en compte les contraintes de votre logement (si pr\u00e9sence de poutres, par exemple). <\/p>\n\n\n\n<p>Ce plan est compl\u00e9t\u00e9 par un <strong>sch\u00e9ma \u00e9lectrique (c\u00e2blage)<\/strong>.<\/p>\n\n\n\n<p>Un <strong>dossier technique complet<\/strong> sera ainsi d\u00e9livr\u00e9 au client.<\/p>\n\n\n\n<p>Enfin, nous vous fournissons<b> <\/b>une solution de pilotage : un \u00e9cran tactile et de capteurs qui permettent de <strong>r\u00e9guler la temp\u00e9rature, le taux d\u2019humidit\u00e9 et le COV de la zone associ\u00e9e au projet<\/strong>.<\/p>\n\n\n\n<h2 class=\"wp-block-heading\">Enfin, proposer des options pour am\u00e9liorer votre confort<\/h2>\n\n\n\n<p> Vous pouvez ajouter des compl\u00e9ments \u00e0 votre machine : des <a href=\"https:\/\/www.mydatec.com\/produits-vmc-double-flux-thermodynamique\/reserve-puissance\/\">r\u00e9serves de puissance (po\u00eale \u00e0 bois, po\u00eale \u00e0 b\u00fbches, puits canadiens&#8230;)<\/a> qui permettent d\u2019apporter un <strong>apport calorifique suppl\u00e9mentaire<\/strong>. <\/p>\n\n\n\n<h2 class=\"wp-block-heading\">Un prix incluant l\u2019assistance tout \u00e0 long du projet <\/h2>\n\n\n\n<p><strong>De l\u2019\u00e9tude tarifaire jusqu\u2019\u00e0 l\u2019installation du r\u00e9seau et la mise en service de la centrale<\/strong>, nos \u00e9quipes commerciales et notre service client sont \u00e0 votre \u00e9coute.<\/p>\n\n\n\n<p>Ainsi, nos propositions tarifaires et \u00e9tudes sont r\u00e9solument adapt\u00e9es en fonction de votre projet. Gr\u00e2ce \u00e0 une expertise depuis plus de 30 ans, nos conseillers sauront vous proposer la <strong>meilleure offre<\/strong> <strong>de prix pour votre VMC thermodynamique double flux<\/strong>.  <\/p>\n\n\n\n<p><strong><em>Bon \u00e0 savoir<\/em><\/strong> : nos prix incluent la <strong>garantie qualit\u00e9 et fabrication fran\u00e7aise : <\/strong><a href=\"https:\/\/www.mydatec.com\/service-vmc-double-flux-assistance\/garantie-mydatec\/\">en savoir plus sur la garantie MyDatec<\/a><\/p>\n\n\n\n<p><em>Envie d\u2019une \u00e9tude compl\u00e8te de vos plans&nbsp;? <a href=\"https:\/\/www.mydatec.com\/mydatec-demande-de-devis-vmc\/\">Contactez-nous&nbsp;!<\/a><\/em><br><\/p>\n","protected":false},"excerpt":{"rendered":"<p>Au-del\u00e0 d\u2019une simple proposition de tarif pour votre VMC double flux thermodynamique, l\u2019\u00e9quipe My Datec vous propose une solution compl\u00e8te. De l&rsquo;\u00e9tude technique jusqu&rsquo;au service  [&#8230;]<\/p>\n","protected":false},"author":6,"featured_media":0,"comment_status":"closed","ping_status":"closed","sticky":false,"template":"","format":"standard","meta":{"footnotes":""},"categories":[1],"tags":[],"class_list":["post-6002","post","type-post","status-publish","format-standard","hentry","category-non-classifiee"],"yoast_head":"<!-- This site is optimized with the Yoast SEO plugin v27.5 - https:\/\/yoast.com\/product\/yoast-seo-wordpress\/ -->\n<title>MyDATEC : un prix sur mesure pour votre VMC -<\/title>\n<meta name=\"robots\" content=\"index, follow, max-snippet:-1, max-image-preview:large, max-video-preview:-1\" \/>\n<link rel=\"canonical\" href=\"https:\/\/www.mydatec.com\/fr\/votre-vmc-double-flux-thermodynamique-un-prix-sur-mesure-service-compris\/\" \/>\n<meta property=\"og:locale\" content=\"fr_FR\" \/>\n<meta property=\"og:type\" content=\"article\" \/>\n<meta property=\"og:title\" content=\"MyDATEC : un prix sur mesure pour votre VMC -\" \/>\n<meta property=\"og:description\" content=\"Au-del\u00e0 d\u2019une simple proposition de tarif pour votre VMC double flux thermodynamique, l\u2019\u00e9quipe My Datec vous propose une solution compl\u00e8te. De l&rsquo;\u00e9tude technique jusqu&rsquo;au service [...]\" \/>\n<meta property=\"og:url\" content=\"https:\/\/www.mydatec.com\/fr\/votre-vmc-double-flux-thermodynamique-un-prix-sur-mesure-service-compris\/\" \/>\n<meta property=\"og:site_name\" content=\"MyDATEC\" \/>\n<meta property=\"article:published_time\" content=\"2019-11-21T13:37:21+00:00\" \/>\n<meta property=\"article:modified_time\" content=\"2020-09-14T13:45:28+00:00\" \/>\n<meta name=\"author\" content=\"Adesio\" \/>\n<meta name=\"twitter:label1\" content=\"\u00c9crit par\" \/>\n\t<meta name=\"twitter:data1\" content=\"Adesio\" \/>\n\t<meta name=\"twitter:label2\" content=\"Dur\u00e9e de lecture estim\u00e9e\" \/>\n\t<meta name=\"twitter:data2\" content=\"3 minutes\" \/>\n<script type=\"application\/ld+json\" class=\"yoast-schema-graph\">{\"@context\":\"https:\\\/\\\/schema.org\",\"@graph\":[{\"@type\":\"Article\",\"@id\":\"https:\\\/\\\/www.mydatec.com\\\/fr\\\/votre-vmc-double-flux-thermodynamique-un-prix-sur-mesure-service-compris\\\/#article\",\"isPartOf\":{\"@id\":\"https:\\\/\\\/www.mydatec.com\\\/fr\\\/votre-vmc-double-flux-thermodynamique-un-prix-sur-mesure-service-compris\\\/\"},\"author\":{\"name\":\"Adesio\",\"@id\":\"https:\\\/\\\/www.mydatec.com\\\/fr\\\/#\\\/schema\\\/person\\\/8a955a8b03b4633336dc88624c72d23b\"},\"headline\":\"MyDATEC : un prix sur mesure pour votre VMC\",\"datePublished\":\"2019-11-21T13:37:21+00:00\",\"dateModified\":\"2020-09-14T13:45:28+00:00\",\"mainEntityOfPage\":{\"@id\":\"https:\\\/\\\/www.mydatec.com\\\/fr\\\/votre-vmc-double-flux-thermodynamique-un-prix-sur-mesure-service-compris\\\/\"},\"wordCount\":646,\"publisher\":{\"@id\":\"https:\\\/\\\/www.mydatec.com\\\/fr\\\/#organization\"},\"articleSection\":[\"Non classifi\u00e9(e)\"],\"inLanguage\":\"fr-FR\"},{\"@type\":\"WebPage\",\"@id\":\"https:\\\/\\\/www.mydatec.com\\\/fr\\\/votre-vmc-double-flux-thermodynamique-un-prix-sur-mesure-service-compris\\\/\",\"url\":\"https:\\\/\\\/www.mydatec.com\\\/fr\\\/votre-vmc-double-flux-thermodynamique-un-prix-sur-mesure-service-compris\\\/\",\"name\":\"MyDATEC : un prix sur mesure pour votre VMC -\",\"isPartOf\":{\"@id\":\"https:\\\/\\\/www.mydatec.com\\\/fr\\\/#website\"},\"datePublished\":\"2019-11-21T13:37:21+00:00\",\"dateModified\":\"2020-09-14T13:45:28+00:00\",\"breadcrumb\":{\"@id\":\"https:\\\/\\\/www.mydatec.com\\\/fr\\\/votre-vmc-double-flux-thermodynamique-un-prix-sur-mesure-service-compris\\\/#breadcrumb\"},\"inLanguage\":\"fr-FR\",\"potentialAction\":[{\"@type\":\"ReadAction\",\"target\":[\"https:\\\/\\\/www.mydatec.com\\\/fr\\\/votre-vmc-double-flux-thermodynamique-un-prix-sur-mesure-service-compris\\\/\"]}]},{\"@type\":\"BreadcrumbList\",\"@id\":\"https:\\\/\\\/www.mydatec.com\\\/fr\\\/votre-vmc-double-flux-thermodynamique-un-prix-sur-mesure-service-compris\\\/#breadcrumb\",\"itemListElement\":[{\"@type\":\"ListItem\",\"position\":1,\"name\":\"Accueil\",\"item\":\"https:\\\/\\\/www.mydatec.com\\\/fr\\\/\"},{\"@type\":\"ListItem\",\"position\":2,\"name\":\"MyDATEC : un prix sur mesure pour votre VMC\"}]},{\"@type\":\"WebSite\",\"@id\":\"https:\\\/\\\/www.mydatec.com\\\/fr\\\/#website\",\"url\":\"https:\\\/\\\/www.mydatec.com\\\/fr\\\/\",\"name\":\"MyDATEC\",\"description\":\"La solution thermodynamique\",\"publisher\":{\"@id\":\"https:\\\/\\\/www.mydatec.com\\\/fr\\\/#organization\"},\"potentialAction\":[{\"@type\":\"SearchAction\",\"target\":{\"@type\":\"EntryPoint\",\"urlTemplate\":\"https:\\\/\\\/www.mydatec.com\\\/fr\\\/?s={search_term_string}\"},\"query-input\":{\"@type\":\"PropertyValueSpecification\",\"valueRequired\":true,\"valueName\":\"search_term_string\"}}],\"inLanguage\":\"fr-FR\"},{\"@type\":\"Organization\",\"@id\":\"https:\\\/\\\/www.mydatec.com\\\/fr\\\/#organization\",\"name\":\"MyDatec\",\"url\":\"https:\\\/\\\/www.mydatec.com\\\/fr\\\/\",\"logo\":{\"@type\":\"ImageObject\",\"inLanguage\":\"fr-FR\",\"@id\":\"https:\\\/\\\/www.mydatec.com\\\/fr\\\/#\\\/schema\\\/logo\\\/image\\\/\",\"url\":\"https:\\\/\\\/www.mydatec.com\\\/wp-content\\\/uploads\\\/2022\\\/01\\\/logo-mydatec.jpg\",\"contentUrl\":\"https:\\\/\\\/www.mydatec.com\\\/wp-content\\\/uploads\\\/2022\\\/01\\\/logo-mydatec.jpg\",\"width\":434,\"height\":351,\"caption\":\"MyDatec\"},\"image\":{\"@id\":\"https:\\\/\\\/www.mydatec.com\\\/fr\\\/#\\\/schema\\\/logo\\\/image\\\/\"},\"sameAs\":[\"http:\\\/\\\/www.linkedin.com\\\/in\\\/MyDATEC\"]},{\"@type\":\"Person\",\"@id\":\"https:\\\/\\\/www.mydatec.com\\\/fr\\\/#\\\/schema\\\/person\\\/8a955a8b03b4633336dc88624c72d23b\",\"name\":\"Adesio\",\"image\":{\"@type\":\"ImageObject\",\"inLanguage\":\"fr-FR\",\"@id\":\"https:\\\/\\\/secure.gravatar.com\\\/avatar\\\/911c38bd1b055d215e9e723f8cf5cf6e0410081766de691ba1ac706711e62d6c?s=96&d=mm&r=g\",\"url\":\"https:\\\/\\\/secure.gravatar.com\\\/avatar\\\/911c38bd1b055d215e9e723f8cf5cf6e0410081766de691ba1ac706711e62d6c?s=96&d=mm&r=g\",\"contentUrl\":\"https:\\\/\\\/secure.gravatar.com\\\/avatar\\\/911c38bd1b055d215e9e723f8cf5cf6e0410081766de691ba1ac706711e62d6c?s=96&d=mm&r=g\",\"caption\":\"Adesio\"}}]}<\/script>\n<!-- \/ Yoast SEO plugin. -->","yoast_head_json":{"title":"MyDATEC : un prix sur mesure pour votre VMC -","robots":{"index":"index","follow":"follow","max-snippet":"max-snippet:-1","max-image-preview":"max-image-preview:large","max-video-preview":"max-video-preview:-1"},"canonical":"https:\/\/www.mydatec.com\/fr\/votre-vmc-double-flux-thermodynamique-un-prix-sur-mesure-service-compris\/","og_locale":"fr_FR","og_type":"article","og_title":"MyDATEC : un prix sur mesure pour votre VMC -","og_description":"Au-del\u00e0 d\u2019une simple proposition de tarif pour votre VMC double flux thermodynamique, l\u2019\u00e9quipe My Datec vous propose une solution compl\u00e8te. De l&rsquo;\u00e9tude technique jusqu&rsquo;au service [...]","og_url":"https:\/\/www.mydatec.com\/fr\/votre-vmc-double-flux-thermodynamique-un-prix-sur-mesure-service-compris\/","og_site_name":"MyDATEC","article_published_time":"2019-11-21T13:37:21+00:00","article_modified_time":"2020-09-14T13:45:28+00:00","author":"Adesio","twitter_misc":{"\u00c9crit par":"Adesio","Dur\u00e9e de lecture estim\u00e9e":"3 minutes"},"schema":{"@context":"https:\/\/schema.org","@graph":[{"@type":"Article","@id":"https:\/\/www.mydatec.com\/fr\/votre-vmc-double-flux-thermodynamique-un-prix-sur-mesure-service-compris\/#article","isPartOf":{"@id":"https:\/\/www.mydatec.com\/fr\/votre-vmc-double-flux-thermodynamique-un-prix-sur-mesure-service-compris\/"},"author":{"name":"Adesio","@id":"https:\/\/www.mydatec.com\/fr\/#\/schema\/person\/8a955a8b03b4633336dc88624c72d23b"},"headline":"MyDATEC : un prix sur mesure pour votre VMC","datePublished":"2019-11-21T13:37:21+00:00","dateModified":"2020-09-14T13:45:28+00:00","mainEntityOfPage":{"@id":"https:\/\/www.mydatec.com\/fr\/votre-vmc-double-flux-thermodynamique-un-prix-sur-mesure-service-compris\/"},"wordCount":646,"publisher":{"@id":"https:\/\/www.mydatec.com\/fr\/#organization"},"articleSection":["Non classifi\u00e9(e)"],"inLanguage":"fr-FR"},{"@type":"WebPage","@id":"https:\/\/www.mydatec.com\/fr\/votre-vmc-double-flux-thermodynamique-un-prix-sur-mesure-service-compris\/","url":"https:\/\/www.mydatec.com\/fr\/votre-vmc-double-flux-thermodynamique-un-prix-sur-mesure-service-compris\/","name":"MyDATEC : un prix sur mesure pour votre VMC -","isPartOf":{"@id":"https:\/\/www.mydatec.com\/fr\/#website"},"datePublished":"2019-11-21T13:37:21+00:00","dateModified":"2020-09-14T13:45:28+00:00","breadcrumb":{"@id":"https:\/\/www.mydatec.com\/fr\/votre-vmc-double-flux-thermodynamique-un-prix-sur-mesure-service-compris\/#breadcrumb"},"inLanguage":"fr-FR","potentialAction":[{"@type":"ReadAction","target":["https:\/\/www.mydatec.com\/fr\/votre-vmc-double-flux-thermodynamique-un-prix-sur-mesure-service-compris\/"]}]},{"@type":"BreadcrumbList","@id":"https:\/\/www.mydatec.com\/fr\/votre-vmc-double-flux-thermodynamique-un-prix-sur-mesure-service-compris\/#breadcrumb","itemListElement":[{"@type":"ListItem","position":1,"name":"Accueil","item":"https:\/\/www.mydatec.com\/fr\/"},{"@type":"ListItem","position":2,"name":"MyDATEC : un prix sur mesure pour votre VMC"}]},{"@type":"WebSite","@id":"https:\/\/www.mydatec.com\/fr\/#website","url":"https:\/\/www.mydatec.com\/fr\/","name":"MyDATEC","description":"La solution thermodynamique","publisher":{"@id":"https:\/\/www.mydatec.com\/fr\/#organization"},"potentialAction":[{"@type":"SearchAction","target":{"@type":"EntryPoint","urlTemplate":"https:\/\/www.mydatec.com\/fr\/?s={search_term_string}"},"query-input":{"@type":"PropertyValueSpecification","valueRequired":true,"valueName":"search_term_string"}}],"inLanguage":"fr-FR"},{"@type":"Organization","@id":"https:\/\/www.mydatec.com\/fr\/#organization","name":"MyDatec","url":"https:\/\/www.mydatec.com\/fr\/","logo":{"@type":"ImageObject","inLanguage":"fr-FR","@id":"https:\/\/www.mydatec.com\/fr\/#\/schema\/logo\/image\/","url":"https:\/\/www.mydatec.com\/wp-content\/uploads\/2022\/01\/logo-mydatec.jpg","contentUrl":"https:\/\/www.mydatec.com\/wp-content\/uploads\/2022\/01\/logo-mydatec.jpg","width":434,"height":351,"caption":"MyDatec"},"image":{"@id":"https:\/\/www.mydatec.com\/fr\/#\/schema\/logo\/image\/"},"sameAs":["http:\/\/www.linkedin.com\/in\/MyDATEC"]},{"@type":"Person","@id":"https:\/\/www.mydatec.com\/fr\/#\/schema\/person\/8a955a8b03b4633336dc88624c72d23b","name":"Adesio","image":{"@type":"ImageObject","inLanguage":"fr-FR","@id":"https:\/\/secure.gravatar.com\/avatar\/911c38bd1b055d215e9e723f8cf5cf6e0410081766de691ba1ac706711e62d6c?s=96&d=mm&r=g","url":"https:\/\/secure.gravatar.com\/avatar\/911c38bd1b055d215e9e723f8cf5cf6e0410081766de691ba1ac706711e62d6c?s=96&d=mm&r=g","contentUrl":"https:\/\/secure.gravatar.com\/avatar\/911c38bd1b055d215e9e723f8cf5cf6e0410081766de691ba1ac706711e62d6c?s=96&d=mm&r=g","caption":"Adesio"}}]}},"_links":{"self":[{"href":"https:\/\/www.mydatec.com\/fr\/wp-json\/wp\/v2\/posts\/6002","targetHints":{"allow":["GET"]}}],"collection":[{"href":"https:\/\/www.mydatec.com\/fr\/wp-json\/wp\/v2\/posts"}],"about":[{"href":"https:\/\/www.mydatec.com\/fr\/wp-json\/wp\/v2\/types\/post"}],"author":[{"embeddable":true,"href":"https:\/\/www.mydatec.com\/fr\/wp-json\/wp\/v2\/users\/6"}],"replies":[{"embeddable":true,"href":"https:\/\/www.mydatec.com\/fr\/wp-json\/wp\/v2\/comments?post=6002"}],"version-history":[{"count":5,"href":"https:\/\/www.mydatec.com\/fr\/wp-json\/wp\/v2\/posts\/6002\/revisions"}],"predecessor-version":[{"id":6440,"href":"https:\/\/www.mydatec.com\/fr\/wp-json\/wp\/v2\/posts\/6002\/revisions\/6440"}],"wp:attachment":[{"href":"https:\/\/www.mydatec.com\/fr\/wp-json\/wp\/v2\/media?parent=6002"}],"wp:term":[{"taxonomy":"category","embeddable":true,"href":"https:\/\/www.mydatec.com\/fr\/wp-json\/wp\/v2\/categories?post=6002"},{"taxonomy":"post_tag","embeddable":true,"href":"https:\/\/www.mydatec.com\/fr\/wp-json\/wp\/v2\/tags?post=6002"}],"curies":[{"name":"wp","href":"https:\/\/api.w.org\/{rel}","templated":true}]}}