{"id":5973,"date":"2019-12-19T12:22:04","date_gmt":"2019-12-19T11:22:04","guid":{"rendered":"https:\/\/www.mydatec.com\/?p=5973"},"modified":"2020-04-14T23:21:07","modified_gmt":"2020-04-14T22:21:07","slug":"temoignage-client-my-datec-et-sa-facilite-de-pose","status":"publish","type":"post","link":"https:\/\/www.mydatec.com\/fr\/temoignage-client-my-datec-et-sa-facilite-de-pose\/","title":{"rendered":"T\u00e9moignage client : MyDatec et sa facilit\u00e9 de pose"},"content":{"rendered":"\n<p class=\"has-text-align-left\"><a href=\"https:\/\/www.mydatec.com\/applications-vmc-thermodynamique\/remplacement-vmc\/\">Remplacement <\/a>d&rsquo;une pompe \u00e0 chaleur dans une maison de 1978. Toutes les pi\u00e8ces sont chauff\u00e9es et ventil\u00e9es : 10 bouches de soufflage et 8 bouches d&rsquo;extraction. L&rsquo;installation <a href=\"https:\/\/www.mydatec.com\/service-vmc-double-flux-assistance\/preparation-kit-vmc-pret-a-poser\/\">est facile \u00e0 raccorder<\/a> : \u00ab\u00a0<em>4 gaines sur la pompe \u00e0 chaleur et T plac\u00e9 \u00e0 la sortie du caisson de r\u00e9cup\u00e9ration de l&rsquo;air extrait. Nous avons ajout\u00e9 une prise d&rsquo;air \u00e9t\u00e9 sur le toit et remplacer les fils du thermostat par le cable modbus fourni. Ensuite les contacteurs ont \u00e9t\u00e9 branch\u00e9s \u00e0 la commande des radiateurs.\u00a0\u00bb<\/em><\/p>\n\n\n\n<p>La machine est suspendue \u00e0 la charpente au dessus d&rsquo;une dalle isol\u00e9e et la ventilation est silencieuse. L&rsquo;<a href=\"https:\/\/www.mydatec.com\/pilotage-tactile-2\/\">\u00e9cran tactile<\/a>, tr\u00e8s lisible, donne toutes les informations sur le fonctionnement de la My Datec et permet tous les r\u00e9glages pour un bon fonctionnement de renouvellement de l&rsquo;air. Il en r\u00e9sulte une habitation tr\u00e8s confortable.<\/p>\n\n\n\n<p>La  My Datec est bien con\u00e7ue, elle me convient parfaitement. J&rsquo;ai re\u00e7u tous les conseils et informations utiles \u00e0 l&rsquo;installation par une \u00e9quipe efficace et courtoise. <em> <\/em><\/p>\n\n\n\n<figure class=\"wp-block-image\"><img decoding=\"async\" width=\"1024\" height=\"487\" src=\"https:\/\/www.mydatec.com\/wp-content\/uploads\/2019\/10\/DATEC-3-002-1024x487.jpg\" alt=\"\" class=\"wp-image-5974\" srcset=\"https:\/\/www.mydatec.com\/wp-content\/uploads\/2019\/10\/DATEC-3-002-31x15.jpg 31w, https:\/\/www.mydatec.com\/wp-content\/uploads\/2019\/10\/DATEC-3-002-38x18.jpg 38w, https:\/\/www.mydatec.com\/wp-content\/uploads\/2019\/10\/DATEC-3-002-148x70.jpg 148w, https:\/\/www.mydatec.com\/wp-content\/uploads\/2019\/10\/DATEC-3-002-300x143.jpg 300w, https:\/\/www.mydatec.com\/wp-content\/uploads\/2019\/10\/DATEC-3-002-425x202.jpg 425w, https:\/\/www.mydatec.com\/wp-content\/uploads\/2019\/10\/DATEC-3-002-768x366.jpg 768w, https:\/\/www.mydatec.com\/wp-content\/uploads\/2019\/10\/DATEC-3-002-1024x487.jpg 1024w\" sizes=\"(max-width: 1024px) 100vw, 1024px\" \/><figcaption>Maison de 250 m2 &#8211; D\u00e9partement 57 &#8211; Smart H<\/figcaption><\/figure>\n\n\n\n<p>  Merci \u00e0 M. Gremillet pour son t\u00e9moignage et sa confiance !<\/p>\n","protected":false},"excerpt":{"rendered":"<p>Remplacement d&rsquo;une pompe \u00e0 chaleur dans une maison de 1978. Toutes les pi\u00e8ces sont chauff\u00e9es et ventil\u00e9es : 10 bouches de soufflage et 8 bouches  [&#8230;]<\/p>\n","protected":false},"author":6,"featured_media":0,"comment_status":"closed","ping_status":"open","sticky":false,"template":"","format":"standard","meta":{"footnotes":""},"categories":[1],"tags":[],"class_list":["post-5973","post","type-post","status-publish","format-standard","hentry","category-non-classifiee"],"yoast_head":"<!-- This site is optimized with the Yoast SEO plugin v27.5 - https:\/\/yoast.com\/product\/yoast-seo-wordpress\/ -->\n<title>T\u00e9moignage client : MyDatec et sa facilit\u00e9 de pose -<\/title>\n<meta name=\"robots\" content=\"index, follow, max-snippet:-1, max-image-preview:large, max-video-preview:-1\" \/>\n<link rel=\"canonical\" href=\"https:\/\/www.mydatec.com\/fr\/temoignage-client-my-datec-et-sa-facilite-de-pose\/\" \/>\n<meta property=\"og:locale\" content=\"fr_FR\" \/>\n<meta property=\"og:type\" content=\"article\" \/>\n<meta property=\"og:title\" content=\"T\u00e9moignage client : MyDatec et sa facilit\u00e9 de pose -\" \/>\n<meta property=\"og:description\" content=\"Remplacement d&rsquo;une pompe \u00e0 chaleur dans une maison de 1978. Toutes les pi\u00e8ces sont chauff\u00e9es et ventil\u00e9es : 10 bouches de soufflage et 8 bouches [...]\" \/>\n<meta property=\"og:url\" content=\"https:\/\/www.mydatec.com\/fr\/temoignage-client-my-datec-et-sa-facilite-de-pose\/\" \/>\n<meta property=\"og:site_name\" content=\"MyDATEC\" \/>\n<meta property=\"article:published_time\" content=\"2019-12-19T11:22:04+00:00\" \/>\n<meta property=\"article:modified_time\" content=\"2020-04-14T22:21:07+00:00\" \/>\n<meta property=\"og:image\" content=\"https:\/\/www.mydatec.com\/wp-content\/uploads\/2019\/10\/DATEC-3-002-1024x487.jpg\" \/>\n<meta name=\"author\" content=\"Adesio\" \/>\n<meta name=\"twitter:label1\" content=\"\u00c9crit par\" \/>\n\t<meta name=\"twitter:data1\" content=\"Adesio\" \/>\n\t<meta name=\"twitter:label2\" content=\"Dur\u00e9e de lecture estim\u00e9e\" \/>\n\t<meta name=\"twitter:data2\" content=\"1 minute\" \/>\n<script type=\"application\/ld+json\" class=\"yoast-schema-graph\">{\"@context\":\"https:\\\/\\\/schema.org\",\"@graph\":[{\"@type\":\"Article\",\"@id\":\"https:\\\/\\\/www.mydatec.com\\\/fr\\\/temoignage-client-my-datec-et-sa-facilite-de-pose\\\/#article\",\"isPartOf\":{\"@id\":\"https:\\\/\\\/www.mydatec.com\\\/fr\\\/temoignage-client-my-datec-et-sa-facilite-de-pose\\\/\"},\"author\":{\"name\":\"Adesio\",\"@id\":\"https:\\\/\\\/www.mydatec.com\\\/fr\\\/#\\\/schema\\\/person\\\/8a955a8b03b4633336dc88624c72d23b\"},\"headline\":\"T\u00e9moignage client : MyDatec et sa facilit\u00e9 de pose\",\"datePublished\":\"2019-12-19T11:22:04+00:00\",\"dateModified\":\"2020-04-14T22:21:07+00:00\",\"mainEntityOfPage\":{\"@id\":\"https:\\\/\\\/www.mydatec.com\\\/fr\\\/temoignage-client-my-datec-et-sa-facilite-de-pose\\\/\"},\"wordCount\":200,\"publisher\":{\"@id\":\"https:\\\/\\\/www.mydatec.com\\\/fr\\\/#organization\"},\"image\":{\"@id\":\"https:\\\/\\\/www.mydatec.com\\\/fr\\\/temoignage-client-my-datec-et-sa-facilite-de-pose\\\/#primaryimage\"},\"thumbnailUrl\":\"https:\\\/\\\/www.mydatec.com\\\/wp-content\\\/uploads\\\/2019\\\/10\\\/DATEC-3-002-1024x487.jpg\",\"articleSection\":[\"Non classifi\u00e9(e)\"],\"inLanguage\":\"fr-FR\"},{\"@type\":\"WebPage\",\"@id\":\"https:\\\/\\\/www.mydatec.com\\\/fr\\\/temoignage-client-my-datec-et-sa-facilite-de-pose\\\/\",\"url\":\"https:\\\/\\\/www.mydatec.com\\\/fr\\\/temoignage-client-my-datec-et-sa-facilite-de-pose\\\/\",\"name\":\"T\u00e9moignage client : MyDatec et sa facilit\u00e9 de pose -\",\"isPartOf\":{\"@id\":\"https:\\\/\\\/www.mydatec.com\\\/fr\\\/#website\"},\"primaryImageOfPage\":{\"@id\":\"https:\\\/\\\/www.mydatec.com\\\/fr\\\/temoignage-client-my-datec-et-sa-facilite-de-pose\\\/#primaryimage\"},\"image\":{\"@id\":\"https:\\\/\\\/www.mydatec.com\\\/fr\\\/temoignage-client-my-datec-et-sa-facilite-de-pose\\\/#primaryimage\"},\"thumbnailUrl\":\"https:\\\/\\\/www.mydatec.com\\\/wp-content\\\/uploads\\\/2019\\\/10\\\/DATEC-3-002-1024x487.jpg\",\"datePublished\":\"2019-12-19T11:22:04+00:00\",\"dateModified\":\"2020-04-14T22:21:07+00:00\",\"breadcrumb\":{\"@id\":\"https:\\\/\\\/www.mydatec.com\\\/fr\\\/temoignage-client-my-datec-et-sa-facilite-de-pose\\\/#breadcrumb\"},\"inLanguage\":\"fr-FR\",\"potentialAction\":[{\"@type\":\"ReadAction\",\"target\":[\"https:\\\/\\\/www.mydatec.com\\\/fr\\\/temoignage-client-my-datec-et-sa-facilite-de-pose\\\/\"]}]},{\"@type\":\"ImageObject\",\"inLanguage\":\"fr-FR\",\"@id\":\"https:\\\/\\\/www.mydatec.com\\\/fr\\\/temoignage-client-my-datec-et-sa-facilite-de-pose\\\/#primaryimage\",\"url\":\"https:\\\/\\\/www.mydatec.com\\\/wp-content\\\/uploads\\\/2019\\\/10\\\/DATEC-3-002-1024x487.jpg\",\"contentUrl\":\"https:\\\/\\\/www.mydatec.com\\\/wp-content\\\/uploads\\\/2019\\\/10\\\/DATEC-3-002-1024x487.jpg\"},{\"@type\":\"BreadcrumbList\",\"@id\":\"https:\\\/\\\/www.mydatec.com\\\/fr\\\/temoignage-client-my-datec-et-sa-facilite-de-pose\\\/#breadcrumb\",\"itemListElement\":[{\"@type\":\"ListItem\",\"position\":1,\"name\":\"Accueil\",\"item\":\"https:\\\/\\\/www.mydatec.com\\\/fr\\\/\"},{\"@type\":\"ListItem\",\"position\":2,\"name\":\"T\u00e9moignage client : MyDatec et sa facilit\u00e9 de pose\"}]},{\"@type\":\"WebSite\",\"@id\":\"https:\\\/\\\/www.mydatec.com\\\/fr\\\/#website\",\"url\":\"https:\\\/\\\/www.mydatec.com\\\/fr\\\/\",\"name\":\"MyDATEC\",\"description\":\"La solution thermodynamique\",\"publisher\":{\"@id\":\"https:\\\/\\\/www.mydatec.com\\\/fr\\\/#organization\"},\"potentialAction\":[{\"@type\":\"SearchAction\",\"target\":{\"@type\":\"EntryPoint\",\"urlTemplate\":\"https:\\\/\\\/www.mydatec.com\\\/fr\\\/?s={search_term_string}\"},\"query-input\":{\"@type\":\"PropertyValueSpecification\",\"valueRequired\":true,\"valueName\":\"search_term_string\"}}],\"inLanguage\":\"fr-FR\"},{\"@type\":\"Organization\",\"@id\":\"https:\\\/\\\/www.mydatec.com\\\/fr\\\/#organization\",\"name\":\"MyDatec\",\"url\":\"https:\\\/\\\/www.mydatec.com\\\/fr\\\/\",\"logo\":{\"@type\":\"ImageObject\",\"inLanguage\":\"fr-FR\",\"@id\":\"https:\\\/\\\/www.mydatec.com\\\/fr\\\/#\\\/schema\\\/logo\\\/image\\\/\",\"url\":\"https:\\\/\\\/www.mydatec.com\\\/wp-content\\\/uploads\\\/2022\\\/01\\\/logo-mydatec.jpg\",\"contentUrl\":\"https:\\\/\\\/www.mydatec.com\\\/wp-content\\\/uploads\\\/2022\\\/01\\\/logo-mydatec.jpg\",\"width\":434,\"height\":351,\"caption\":\"MyDatec\"},\"image\":{\"@id\":\"https:\\\/\\\/www.mydatec.com\\\/fr\\\/#\\\/schema\\\/logo\\\/image\\\/\"},\"sameAs\":[\"http:\\\/\\\/www.linkedin.com\\\/in\\\/MyDATEC\"]},{\"@type\":\"Person\",\"@id\":\"https:\\\/\\\/www.mydatec.com\\\/fr\\\/#\\\/schema\\\/person\\\/8a955a8b03b4633336dc88624c72d23b\",\"name\":\"Adesio\",\"image\":{\"@type\":\"ImageObject\",\"inLanguage\":\"fr-FR\",\"@id\":\"https:\\\/\\\/secure.gravatar.com\\\/avatar\\\/911c38bd1b055d215e9e723f8cf5cf6e0410081766de691ba1ac706711e62d6c?s=96&d=mm&r=g\",\"url\":\"https:\\\/\\\/secure.gravatar.com\\\/avatar\\\/911c38bd1b055d215e9e723f8cf5cf6e0410081766de691ba1ac706711e62d6c?s=96&d=mm&r=g\",\"contentUrl\":\"https:\\\/\\\/secure.gravatar.com\\\/avatar\\\/911c38bd1b055d215e9e723f8cf5cf6e0410081766de691ba1ac706711e62d6c?s=96&d=mm&r=g\",\"caption\":\"Adesio\"}}]}<\/script>\n<!-- \/ Yoast SEO plugin. -->","yoast_head_json":{"title":"T\u00e9moignage client : MyDatec et sa facilit\u00e9 de pose -","robots":{"index":"index","follow":"follow","max-snippet":"max-snippet:-1","max-image-preview":"max-image-preview:large","max-video-preview":"max-video-preview:-1"},"canonical":"https:\/\/www.mydatec.com\/fr\/temoignage-client-my-datec-et-sa-facilite-de-pose\/","og_locale":"fr_FR","og_type":"article","og_title":"T\u00e9moignage client : MyDatec et sa facilit\u00e9 de pose -","og_description":"Remplacement d&rsquo;une pompe \u00e0 chaleur dans une maison de 1978. Toutes les pi\u00e8ces sont chauff\u00e9es et ventil\u00e9es : 10 bouches de soufflage et 8 bouches [...]","og_url":"https:\/\/www.mydatec.com\/fr\/temoignage-client-my-datec-et-sa-facilite-de-pose\/","og_site_name":"MyDATEC","article_published_time":"2019-12-19T11:22:04+00:00","article_modified_time":"2020-04-14T22:21:07+00:00","og_image":[{"url":"https:\/\/www.mydatec.com\/wp-content\/uploads\/2019\/10\/DATEC-3-002-1024x487.jpg","type":"","width":"","height":""}],"author":"Adesio","twitter_misc":{"\u00c9crit par":"Adesio","Dur\u00e9e de lecture estim\u00e9e":"1 minute"},"schema":{"@context":"https:\/\/schema.org","@graph":[{"@type":"Article","@id":"https:\/\/www.mydatec.com\/fr\/temoignage-client-my-datec-et-sa-facilite-de-pose\/#article","isPartOf":{"@id":"https:\/\/www.mydatec.com\/fr\/temoignage-client-my-datec-et-sa-facilite-de-pose\/"},"author":{"name":"Adesio","@id":"https:\/\/www.mydatec.com\/fr\/#\/schema\/person\/8a955a8b03b4633336dc88624c72d23b"},"headline":"T\u00e9moignage client : MyDatec et sa facilit\u00e9 de pose","datePublished":"2019-12-19T11:22:04+00:00","dateModified":"2020-04-14T22:21:07+00:00","mainEntityOfPage":{"@id":"https:\/\/www.mydatec.com\/fr\/temoignage-client-my-datec-et-sa-facilite-de-pose\/"},"wordCount":200,"publisher":{"@id":"https:\/\/www.mydatec.com\/fr\/#organization"},"image":{"@id":"https:\/\/www.mydatec.com\/fr\/temoignage-client-my-datec-et-sa-facilite-de-pose\/#primaryimage"},"thumbnailUrl":"https:\/\/www.mydatec.com\/wp-content\/uploads\/2019\/10\/DATEC-3-002-1024x487.jpg","articleSection":["Non classifi\u00e9(e)"],"inLanguage":"fr-FR"},{"@type":"WebPage","@id":"https:\/\/www.mydatec.com\/fr\/temoignage-client-my-datec-et-sa-facilite-de-pose\/","url":"https:\/\/www.mydatec.com\/fr\/temoignage-client-my-datec-et-sa-facilite-de-pose\/","name":"T\u00e9moignage client : MyDatec et sa facilit\u00e9 de pose -","isPartOf":{"@id":"https:\/\/www.mydatec.com\/fr\/#website"},"primaryImageOfPage":{"@id":"https:\/\/www.mydatec.com\/fr\/temoignage-client-my-datec-et-sa-facilite-de-pose\/#primaryimage"},"image":{"@id":"https:\/\/www.mydatec.com\/fr\/temoignage-client-my-datec-et-sa-facilite-de-pose\/#primaryimage"},"thumbnailUrl":"https:\/\/www.mydatec.com\/wp-content\/uploads\/2019\/10\/DATEC-3-002-1024x487.jpg","datePublished":"2019-12-19T11:22:04+00:00","dateModified":"2020-04-14T22:21:07+00:00","breadcrumb":{"@id":"https:\/\/www.mydatec.com\/fr\/temoignage-client-my-datec-et-sa-facilite-de-pose\/#breadcrumb"},"inLanguage":"fr-FR","potentialAction":[{"@type":"ReadAction","target":["https:\/\/www.mydatec.com\/fr\/temoignage-client-my-datec-et-sa-facilite-de-pose\/"]}]},{"@type":"ImageObject","inLanguage":"fr-FR","@id":"https:\/\/www.mydatec.com\/fr\/temoignage-client-my-datec-et-sa-facilite-de-pose\/#primaryimage","url":"https:\/\/www.mydatec.com\/wp-content\/uploads\/2019\/10\/DATEC-3-002-1024x487.jpg","contentUrl":"https:\/\/www.mydatec.com\/wp-content\/uploads\/2019\/10\/DATEC-3-002-1024x487.jpg"},{"@type":"BreadcrumbList","@id":"https:\/\/www.mydatec.com\/fr\/temoignage-client-my-datec-et-sa-facilite-de-pose\/#breadcrumb","itemListElement":[{"@type":"ListItem","position":1,"name":"Accueil","item":"https:\/\/www.mydatec.com\/fr\/"},{"@type":"ListItem","position":2,"name":"T\u00e9moignage client : MyDatec et sa facilit\u00e9 de pose"}]},{"@type":"WebSite","@id":"https:\/\/www.mydatec.com\/fr\/#website","url":"https:\/\/www.mydatec.com\/fr\/","name":"MyDATEC","description":"La solution thermodynamique","publisher":{"@id":"https:\/\/www.mydatec.com\/fr\/#organization"},"potentialAction":[{"@type":"SearchAction","target":{"@type":"EntryPoint","urlTemplate":"https:\/\/www.mydatec.com\/fr\/?s={search_term_string}"},"query-input":{"@type":"PropertyValueSpecification","valueRequired":true,"valueName":"search_term_string"}}],"inLanguage":"fr-FR"},{"@type":"Organization","@id":"https:\/\/www.mydatec.com\/fr\/#organization","name":"MyDatec","url":"https:\/\/www.mydatec.com\/fr\/","logo":{"@type":"ImageObject","inLanguage":"fr-FR","@id":"https:\/\/www.mydatec.com\/fr\/#\/schema\/logo\/image\/","url":"https:\/\/www.mydatec.com\/wp-content\/uploads\/2022\/01\/logo-mydatec.jpg","contentUrl":"https:\/\/www.mydatec.com\/wp-content\/uploads\/2022\/01\/logo-mydatec.jpg","width":434,"height":351,"caption":"MyDatec"},"image":{"@id":"https:\/\/www.mydatec.com\/fr\/#\/schema\/logo\/image\/"},"sameAs":["http:\/\/www.linkedin.com\/in\/MyDATEC"]},{"@type":"Person","@id":"https:\/\/www.mydatec.com\/fr\/#\/schema\/person\/8a955a8b03b4633336dc88624c72d23b","name":"Adesio","image":{"@type":"ImageObject","inLanguage":"fr-FR","@id":"https:\/\/secure.gravatar.com\/avatar\/911c38bd1b055d215e9e723f8cf5cf6e0410081766de691ba1ac706711e62d6c?s=96&d=mm&r=g","url":"https:\/\/secure.gravatar.com\/avatar\/911c38bd1b055d215e9e723f8cf5cf6e0410081766de691ba1ac706711e62d6c?s=96&d=mm&r=g","contentUrl":"https:\/\/secure.gravatar.com\/avatar\/911c38bd1b055d215e9e723f8cf5cf6e0410081766de691ba1ac706711e62d6c?s=96&d=mm&r=g","caption":"Adesio"}}]}},"_links":{"self":[{"href":"https:\/\/www.mydatec.com\/fr\/wp-json\/wp\/v2\/posts\/5973","targetHints":{"allow":["GET"]}}],"collection":[{"href":"https:\/\/www.mydatec.com\/fr\/wp-json\/wp\/v2\/posts"}],"about":[{"href":"https:\/\/www.mydatec.com\/fr\/wp-json\/wp\/v2\/types\/post"}],"author":[{"embeddable":true,"href":"https:\/\/www.mydatec.com\/fr\/wp-json\/wp\/v2\/users\/6"}],"replies":[{"embeddable":true,"href":"https:\/\/www.mydatec.com\/fr\/wp-json\/wp\/v2\/comments?post=5973"}],"version-history":[{"count":3,"href":"https:\/\/www.mydatec.com\/fr\/wp-json\/wp\/v2\/posts\/5973\/revisions"}],"predecessor-version":[{"id":6242,"href":"https:\/\/www.mydatec.com\/fr\/wp-json\/wp\/v2\/posts\/5973\/revisions\/6242"}],"wp:attachment":[{"href":"https:\/\/www.mydatec.com\/fr\/wp-json\/wp\/v2\/media?parent=5973"}],"wp:term":[{"taxonomy":"category","embeddable":true,"href":"https:\/\/www.mydatec.com\/fr\/wp-json\/wp\/v2\/categories?post=5973"},{"taxonomy":"post_tag","embeddable":true,"href":"https:\/\/www.mydatec.com\/fr\/wp-json\/wp\/v2\/tags?post=5973"}],"curies":[{"name":"wp","href":"https:\/\/api.w.org\/{rel}","templated":true}]}}