{"id":4277,"date":"2017-05-15T17:55:58","date_gmt":"2017-05-15T16:55:58","guid":{"rendered":"https:\/\/www.mydatec.com\/?p=4277"},"modified":"2020-04-14T23:21:23","modified_gmt":"2020-04-14T22:21:23","slug":"journee-porte-ouverte-chez-maison-de-reve","status":"publish","type":"post","link":"https:\/\/www.mydatec.com\/fr\/journee-porte-ouverte-chez-maison-de-reve\/","title":{"rendered":"JOURNEE PORTE OUVERTE MYDATEC CHEZ MAISON DE REVE"},"content":{"rendered":"<p>Venez d\u00e9couvrir chez notre partenaire Maison de R\u00eave la solution double flux thermodynamique install\u00e9e chez un client !<\/p>\n<p>Maisons de R\u00eave est un constructeur de maisons de qualit\u00e9\u00a0dans le 01 et le 69 partenaire\u00a0historique de MYDATEC. Toujours \u00e0 la recherche du meilleur rapport qualit\u00e9 performance \u00e9nerg\u00e9tique et prix.<\/p>\n<p>A cette occasion vous pourrez d\u00e9couvrir les solutions de haute performance \u00e9nerg\u00e9tique BEPOS RT2020.<\/p>\n<p>Haute performance \u00e9nerg\u00e9tique et confort en hiver et en \u00e9t\u00e9 font parti des pr\u00e9-requis<\/p>\n<p>En esp\u00e9rant qu&rsquo;il fasse chaud pour tester le confort d&rsquo;\u00e9t\u00e9 actif .<\/p>\n<p>&nbsp;<\/p>\n<div id=\"attachment_4278\" style=\"width: 424px\" class=\"wp-caption alignnone\"><img decoding=\"async\" aria-describedby=\"caption-attachment-4278\" class=\"wp-image-4278 size-full\" src=\"https:\/\/www.mydatec.com\/wp-content\/uploads\/2017\/05\/MDR.png\" alt=\"\" width=\"414\" height=\"305\" srcset=\"https:\/\/www.mydatec.com\/wp-content\/uploads\/2017\/05\/MDR-31x23.png 31w, https:\/\/www.mydatec.com\/wp-content\/uploads\/2017\/05\/MDR-38x28.png 38w, https:\/\/www.mydatec.com\/wp-content\/uploads\/2017\/05\/MDR-148x109.png 148w, https:\/\/www.mydatec.com\/wp-content\/uploads\/2017\/05\/MDR-292x215.png 292w, https:\/\/www.mydatec.com\/wp-content\/uploads\/2017\/05\/MDR-300x221.png 300w, https:\/\/www.mydatec.com\/wp-content\/uploads\/2017\/05\/MDR.png 414w\" sizes=\"(max-width: 414px) 100vw, 414px\" \/><p id=\"caption-attachment-4278\" class=\"wp-caption-text\">maisons de reve<\/p><\/div>\n<p>&nbsp;<\/p>\n","protected":false},"excerpt":{"rendered":"<p>Venez d\u00e9couvrir chez notre partenaire Maison de R\u00eave la solution double flux thermodynamique install\u00e9e chez un client ! Maisons de R\u00eave est un constructeur de  [&#8230;]<\/p>\n","protected":false},"author":6,"featured_media":4278,"comment_status":"closed","ping_status":"open","sticky":false,"template":"","format":"standard","meta":{"footnotes":""},"categories":[1],"tags":[],"class_list":["post-4277","post","type-post","status-publish","format-standard","has-post-thumbnail","hentry","category-non-classifiee"],"yoast_head":"<!-- This site is optimized with the Yoast SEO plugin v27.5 - https:\/\/yoast.com\/product\/yoast-seo-wordpress\/ -->\n<title>JOURNEE PORTE OUVERTE MYDATEC CHEZ MAISON DE REVE -<\/title>\n<meta name=\"robots\" content=\"index, follow, max-snippet:-1, max-image-preview:large, max-video-preview:-1\" \/>\n<link rel=\"canonical\" href=\"https:\/\/www.mydatec.com\/fr\/journee-porte-ouverte-chez-maison-de-reve\/\" \/>\n<meta property=\"og:locale\" content=\"fr_FR\" \/>\n<meta property=\"og:type\" content=\"article\" \/>\n<meta property=\"og:title\" content=\"JOURNEE PORTE OUVERTE MYDATEC CHEZ MAISON DE REVE -\" \/>\n<meta property=\"og:description\" content=\"Venez d\u00e9couvrir chez notre partenaire Maison de R\u00eave la solution double flux thermodynamique install\u00e9e chez un client ! Maisons de R\u00eave est un constructeur de [...]\" \/>\n<meta property=\"og:url\" content=\"https:\/\/www.mydatec.com\/fr\/journee-porte-ouverte-chez-maison-de-reve\/\" \/>\n<meta property=\"og:site_name\" content=\"MyDATEC\" \/>\n<meta property=\"article:published_time\" content=\"2017-05-15T16:55:58+00:00\" \/>\n<meta property=\"article:modified_time\" content=\"2020-04-14T22:21:23+00:00\" \/>\n<meta property=\"og:image\" content=\"https:\/\/www.mydatec.com\/wp-content\/uploads\/2017\/05\/MDR.png\" \/>\n\t<meta property=\"og:image:width\" content=\"414\" \/>\n\t<meta property=\"og:image:height\" content=\"305\" \/>\n\t<meta property=\"og:image:type\" content=\"image\/png\" \/>\n<meta name=\"author\" content=\"Adesio\" \/>\n<meta name=\"twitter:label1\" content=\"\u00c9crit par\" \/>\n\t<meta name=\"twitter:data1\" content=\"Adesio\" \/>\n\t<meta name=\"twitter:label2\" content=\"Dur\u00e9e de lecture estim\u00e9e\" \/>\n\t<meta name=\"twitter:data2\" content=\"1 minute\" \/>\n<script type=\"application\/ld+json\" class=\"yoast-schema-graph\">{\"@context\":\"https:\\\/\\\/schema.org\",\"@graph\":[{\"@type\":\"Article\",\"@id\":\"https:\\\/\\\/www.mydatec.com\\\/fr\\\/journee-porte-ouverte-chez-maison-de-reve\\\/#article\",\"isPartOf\":{\"@id\":\"https:\\\/\\\/www.mydatec.com\\\/fr\\\/journee-porte-ouverte-chez-maison-de-reve\\\/\"},\"author\":{\"name\":\"Adesio\",\"@id\":\"https:\\\/\\\/www.mydatec.com\\\/fr\\\/#\\\/schema\\\/person\\\/8a955a8b03b4633336dc88624c72d23b\"},\"headline\":\"JOURNEE PORTE OUVERTE MYDATEC CHEZ MAISON DE REVE\",\"datePublished\":\"2017-05-15T16:55:58+00:00\",\"dateModified\":\"2020-04-14T22:21:23+00:00\",\"mainEntityOfPage\":{\"@id\":\"https:\\\/\\\/www.mydatec.com\\\/fr\\\/journee-porte-ouverte-chez-maison-de-reve\\\/\"},\"wordCount\":117,\"publisher\":{\"@id\":\"https:\\\/\\\/www.mydatec.com\\\/fr\\\/#organization\"},\"image\":{\"@id\":\"https:\\\/\\\/www.mydatec.com\\\/fr\\\/journee-porte-ouverte-chez-maison-de-reve\\\/#primaryimage\"},\"thumbnailUrl\":\"https:\\\/\\\/www.mydatec.com\\\/wp-content\\\/uploads\\\/2017\\\/05\\\/MDR.png\",\"articleSection\":[\"Non classifi\u00e9(e)\"],\"inLanguage\":\"fr-FR\"},{\"@type\":\"WebPage\",\"@id\":\"https:\\\/\\\/www.mydatec.com\\\/fr\\\/journee-porte-ouverte-chez-maison-de-reve\\\/\",\"url\":\"https:\\\/\\\/www.mydatec.com\\\/fr\\\/journee-porte-ouverte-chez-maison-de-reve\\\/\",\"name\":\"JOURNEE PORTE OUVERTE MYDATEC CHEZ MAISON DE REVE -\",\"isPartOf\":{\"@id\":\"https:\\\/\\\/www.mydatec.com\\\/fr\\\/#website\"},\"primaryImageOfPage\":{\"@id\":\"https:\\\/\\\/www.mydatec.com\\\/fr\\\/journee-porte-ouverte-chez-maison-de-reve\\\/#primaryimage\"},\"image\":{\"@id\":\"https:\\\/\\\/www.mydatec.com\\\/fr\\\/journee-porte-ouverte-chez-maison-de-reve\\\/#primaryimage\"},\"thumbnailUrl\":\"https:\\\/\\\/www.mydatec.com\\\/wp-content\\\/uploads\\\/2017\\\/05\\\/MDR.png\",\"datePublished\":\"2017-05-15T16:55:58+00:00\",\"dateModified\":\"2020-04-14T22:21:23+00:00\",\"breadcrumb\":{\"@id\":\"https:\\\/\\\/www.mydatec.com\\\/fr\\\/journee-porte-ouverte-chez-maison-de-reve\\\/#breadcrumb\"},\"inLanguage\":\"fr-FR\",\"potentialAction\":[{\"@type\":\"ReadAction\",\"target\":[\"https:\\\/\\\/www.mydatec.com\\\/fr\\\/journee-porte-ouverte-chez-maison-de-reve\\\/\"]}]},{\"@type\":\"ImageObject\",\"inLanguage\":\"fr-FR\",\"@id\":\"https:\\\/\\\/www.mydatec.com\\\/fr\\\/journee-porte-ouverte-chez-maison-de-reve\\\/#primaryimage\",\"url\":\"https:\\\/\\\/www.mydatec.com\\\/wp-content\\\/uploads\\\/2017\\\/05\\\/MDR.png\",\"contentUrl\":\"https:\\\/\\\/www.mydatec.com\\\/wp-content\\\/uploads\\\/2017\\\/05\\\/MDR.png\",\"width\":414,\"height\":305},{\"@type\":\"BreadcrumbList\",\"@id\":\"https:\\\/\\\/www.mydatec.com\\\/fr\\\/journee-porte-ouverte-chez-maison-de-reve\\\/#breadcrumb\",\"itemListElement\":[{\"@type\":\"ListItem\",\"position\":1,\"name\":\"Accueil\",\"item\":\"https:\\\/\\\/www.mydatec.com\\\/fr\\\/\"},{\"@type\":\"ListItem\",\"position\":2,\"name\":\"JOURNEE PORTE OUVERTE MYDATEC CHEZ MAISON DE REVE\"}]},{\"@type\":\"WebSite\",\"@id\":\"https:\\\/\\\/www.mydatec.com\\\/fr\\\/#website\",\"url\":\"https:\\\/\\\/www.mydatec.com\\\/fr\\\/\",\"name\":\"MyDATEC\",\"description\":\"La solution thermodynamique\",\"publisher\":{\"@id\":\"https:\\\/\\\/www.mydatec.com\\\/fr\\\/#organization\"},\"potentialAction\":[{\"@type\":\"SearchAction\",\"target\":{\"@type\":\"EntryPoint\",\"urlTemplate\":\"https:\\\/\\\/www.mydatec.com\\\/fr\\\/?s={search_term_string}\"},\"query-input\":{\"@type\":\"PropertyValueSpecification\",\"valueRequired\":true,\"valueName\":\"search_term_string\"}}],\"inLanguage\":\"fr-FR\"},{\"@type\":\"Organization\",\"@id\":\"https:\\\/\\\/www.mydatec.com\\\/fr\\\/#organization\",\"name\":\"MyDatec\",\"url\":\"https:\\\/\\\/www.mydatec.com\\\/fr\\\/\",\"logo\":{\"@type\":\"ImageObject\",\"inLanguage\":\"fr-FR\",\"@id\":\"https:\\\/\\\/www.mydatec.com\\\/fr\\\/#\\\/schema\\\/logo\\\/image\\\/\",\"url\":\"https:\\\/\\\/www.mydatec.com\\\/wp-content\\\/uploads\\\/2022\\\/01\\\/logo-mydatec.jpg\",\"contentUrl\":\"https:\\\/\\\/www.mydatec.com\\\/wp-content\\\/uploads\\\/2022\\\/01\\\/logo-mydatec.jpg\",\"width\":434,\"height\":351,\"caption\":\"MyDatec\"},\"image\":{\"@id\":\"https:\\\/\\\/www.mydatec.com\\\/fr\\\/#\\\/schema\\\/logo\\\/image\\\/\"},\"sameAs\":[\"http:\\\/\\\/www.linkedin.com\\\/in\\\/MyDATEC\"]},{\"@type\":\"Person\",\"@id\":\"https:\\\/\\\/www.mydatec.com\\\/fr\\\/#\\\/schema\\\/person\\\/8a955a8b03b4633336dc88624c72d23b\",\"name\":\"Adesio\",\"image\":{\"@type\":\"ImageObject\",\"inLanguage\":\"fr-FR\",\"@id\":\"https:\\\/\\\/secure.gravatar.com\\\/avatar\\\/911c38bd1b055d215e9e723f8cf5cf6e0410081766de691ba1ac706711e62d6c?s=96&d=mm&r=g\",\"url\":\"https:\\\/\\\/secure.gravatar.com\\\/avatar\\\/911c38bd1b055d215e9e723f8cf5cf6e0410081766de691ba1ac706711e62d6c?s=96&d=mm&r=g\",\"contentUrl\":\"https:\\\/\\\/secure.gravatar.com\\\/avatar\\\/911c38bd1b055d215e9e723f8cf5cf6e0410081766de691ba1ac706711e62d6c?s=96&d=mm&r=g\",\"caption\":\"Adesio\"}}]}<\/script>\n<!-- \/ Yoast SEO plugin. -->","yoast_head_json":{"title":"JOURNEE PORTE OUVERTE MYDATEC CHEZ MAISON DE REVE -","robots":{"index":"index","follow":"follow","max-snippet":"max-snippet:-1","max-image-preview":"max-image-preview:large","max-video-preview":"max-video-preview:-1"},"canonical":"https:\/\/www.mydatec.com\/fr\/journee-porte-ouverte-chez-maison-de-reve\/","og_locale":"fr_FR","og_type":"article","og_title":"JOURNEE PORTE OUVERTE MYDATEC CHEZ MAISON DE REVE -","og_description":"Venez d\u00e9couvrir chez notre partenaire Maison de R\u00eave la solution double flux thermodynamique install\u00e9e chez un client ! Maisons de R\u00eave est un constructeur de [...]","og_url":"https:\/\/www.mydatec.com\/fr\/journee-porte-ouverte-chez-maison-de-reve\/","og_site_name":"MyDATEC","article_published_time":"2017-05-15T16:55:58+00:00","article_modified_time":"2020-04-14T22:21:23+00:00","og_image":[{"width":414,"height":305,"url":"https:\/\/www.mydatec.com\/wp-content\/uploads\/2017\/05\/MDR.png","type":"image\/png"}],"author":"Adesio","twitter_misc":{"\u00c9crit par":"Adesio","Dur\u00e9e de lecture estim\u00e9e":"1 minute"},"schema":{"@context":"https:\/\/schema.org","@graph":[{"@type":"Article","@id":"https:\/\/www.mydatec.com\/fr\/journee-porte-ouverte-chez-maison-de-reve\/#article","isPartOf":{"@id":"https:\/\/www.mydatec.com\/fr\/journee-porte-ouverte-chez-maison-de-reve\/"},"author":{"name":"Adesio","@id":"https:\/\/www.mydatec.com\/fr\/#\/schema\/person\/8a955a8b03b4633336dc88624c72d23b"},"headline":"JOURNEE PORTE OUVERTE MYDATEC CHEZ MAISON DE REVE","datePublished":"2017-05-15T16:55:58+00:00","dateModified":"2020-04-14T22:21:23+00:00","mainEntityOfPage":{"@id":"https:\/\/www.mydatec.com\/fr\/journee-porte-ouverte-chez-maison-de-reve\/"},"wordCount":117,"publisher":{"@id":"https:\/\/www.mydatec.com\/fr\/#organization"},"image":{"@id":"https:\/\/www.mydatec.com\/fr\/journee-porte-ouverte-chez-maison-de-reve\/#primaryimage"},"thumbnailUrl":"https:\/\/www.mydatec.com\/wp-content\/uploads\/2017\/05\/MDR.png","articleSection":["Non classifi\u00e9(e)"],"inLanguage":"fr-FR"},{"@type":"WebPage","@id":"https:\/\/www.mydatec.com\/fr\/journee-porte-ouverte-chez-maison-de-reve\/","url":"https:\/\/www.mydatec.com\/fr\/journee-porte-ouverte-chez-maison-de-reve\/","name":"JOURNEE PORTE OUVERTE MYDATEC CHEZ MAISON DE REVE -","isPartOf":{"@id":"https:\/\/www.mydatec.com\/fr\/#website"},"primaryImageOfPage":{"@id":"https:\/\/www.mydatec.com\/fr\/journee-porte-ouverte-chez-maison-de-reve\/#primaryimage"},"image":{"@id":"https:\/\/www.mydatec.com\/fr\/journee-porte-ouverte-chez-maison-de-reve\/#primaryimage"},"thumbnailUrl":"https:\/\/www.mydatec.com\/wp-content\/uploads\/2017\/05\/MDR.png","datePublished":"2017-05-15T16:55:58+00:00","dateModified":"2020-04-14T22:21:23+00:00","breadcrumb":{"@id":"https:\/\/www.mydatec.com\/fr\/journee-porte-ouverte-chez-maison-de-reve\/#breadcrumb"},"inLanguage":"fr-FR","potentialAction":[{"@type":"ReadAction","target":["https:\/\/www.mydatec.com\/fr\/journee-porte-ouverte-chez-maison-de-reve\/"]}]},{"@type":"ImageObject","inLanguage":"fr-FR","@id":"https:\/\/www.mydatec.com\/fr\/journee-porte-ouverte-chez-maison-de-reve\/#primaryimage","url":"https:\/\/www.mydatec.com\/wp-content\/uploads\/2017\/05\/MDR.png","contentUrl":"https:\/\/www.mydatec.com\/wp-content\/uploads\/2017\/05\/MDR.png","width":414,"height":305},{"@type":"BreadcrumbList","@id":"https:\/\/www.mydatec.com\/fr\/journee-porte-ouverte-chez-maison-de-reve\/#breadcrumb","itemListElement":[{"@type":"ListItem","position":1,"name":"Accueil","item":"https:\/\/www.mydatec.com\/fr\/"},{"@type":"ListItem","position":2,"name":"JOURNEE PORTE OUVERTE MYDATEC CHEZ MAISON DE REVE"}]},{"@type":"WebSite","@id":"https:\/\/www.mydatec.com\/fr\/#website","url":"https:\/\/www.mydatec.com\/fr\/","name":"MyDATEC","description":"La solution thermodynamique","publisher":{"@id":"https:\/\/www.mydatec.com\/fr\/#organization"},"potentialAction":[{"@type":"SearchAction","target":{"@type":"EntryPoint","urlTemplate":"https:\/\/www.mydatec.com\/fr\/?s={search_term_string}"},"query-input":{"@type":"PropertyValueSpecification","valueRequired":true,"valueName":"search_term_string"}}],"inLanguage":"fr-FR"},{"@type":"Organization","@id":"https:\/\/www.mydatec.com\/fr\/#organization","name":"MyDatec","url":"https:\/\/www.mydatec.com\/fr\/","logo":{"@type":"ImageObject","inLanguage":"fr-FR","@id":"https:\/\/www.mydatec.com\/fr\/#\/schema\/logo\/image\/","url":"https:\/\/www.mydatec.com\/wp-content\/uploads\/2022\/01\/logo-mydatec.jpg","contentUrl":"https:\/\/www.mydatec.com\/wp-content\/uploads\/2022\/01\/logo-mydatec.jpg","width":434,"height":351,"caption":"MyDatec"},"image":{"@id":"https:\/\/www.mydatec.com\/fr\/#\/schema\/logo\/image\/"},"sameAs":["http:\/\/www.linkedin.com\/in\/MyDATEC"]},{"@type":"Person","@id":"https:\/\/www.mydatec.com\/fr\/#\/schema\/person\/8a955a8b03b4633336dc88624c72d23b","name":"Adesio","image":{"@type":"ImageObject","inLanguage":"fr-FR","@id":"https:\/\/secure.gravatar.com\/avatar\/911c38bd1b055d215e9e723f8cf5cf6e0410081766de691ba1ac706711e62d6c?s=96&d=mm&r=g","url":"https:\/\/secure.gravatar.com\/avatar\/911c38bd1b055d215e9e723f8cf5cf6e0410081766de691ba1ac706711e62d6c?s=96&d=mm&r=g","contentUrl":"https:\/\/secure.gravatar.com\/avatar\/911c38bd1b055d215e9e723f8cf5cf6e0410081766de691ba1ac706711e62d6c?s=96&d=mm&r=g","caption":"Adesio"}}]}},"_links":{"self":[{"href":"https:\/\/www.mydatec.com\/fr\/wp-json\/wp\/v2\/posts\/4277","targetHints":{"allow":["GET"]}}],"collection":[{"href":"https:\/\/www.mydatec.com\/fr\/wp-json\/wp\/v2\/posts"}],"about":[{"href":"https:\/\/www.mydatec.com\/fr\/wp-json\/wp\/v2\/types\/post"}],"author":[{"embeddable":true,"href":"https:\/\/www.mydatec.com\/fr\/wp-json\/wp\/v2\/users\/6"}],"replies":[{"embeddable":true,"href":"https:\/\/www.mydatec.com\/fr\/wp-json\/wp\/v2\/comments?post=4277"}],"version-history":[{"count":3,"href":"https:\/\/www.mydatec.com\/fr\/wp-json\/wp\/v2\/posts\/4277\/revisions"}],"predecessor-version":[{"id":4284,"href":"https:\/\/www.mydatec.com\/fr\/wp-json\/wp\/v2\/posts\/4277\/revisions\/4284"}],"wp:featuredmedia":[{"embeddable":true,"href":"https:\/\/www.mydatec.com\/fr\/wp-json\/wp\/v2\/media\/4278"}],"wp:attachment":[{"href":"https:\/\/www.mydatec.com\/fr\/wp-json\/wp\/v2\/media?parent=4277"}],"wp:term":[{"taxonomy":"category","embeddable":true,"href":"https:\/\/www.mydatec.com\/fr\/wp-json\/wp\/v2\/categories?post=4277"},{"taxonomy":"post_tag","embeddable":true,"href":"https:\/\/www.mydatec.com\/fr\/wp-json\/wp\/v2\/tags?post=4277"}],"curies":[{"name":"wp","href":"https:\/\/api.w.org\/{rel}","templated":true}]}}