{"id":3399,"date":"2016-01-08T15:12:51","date_gmt":"2016-01-08T14:12:51","guid":{"rendered":"https:\/\/www.mydatec.com\/?p=3399"},"modified":"2020-04-14T23:21:24","modified_gmt":"2020-04-14T22:21:24","slug":"article-vmc-double-flux-thermodynamique-chez-mydatec","status":"publish","type":"post","link":"https:\/\/www.mydatec.com\/fr\/article-vmc-double-flux-thermodynamique-chez-mydatec\/","title":{"rendered":"Article &#8211; VMC double flux thermodynamique chez MyDATEC"},"content":{"rendered":"<p>Retrouvez ci-dessous et dans son int\u00e9gralit\u00e9 l&rsquo;article du N\u00b0730 (D\u00e9cembre 2015) de <a href=\"https:\/\/lebatimentperformant.fr\/?AcceptCookies=check\">L&rsquo;Installateur<\/a> : Article &#8211; \u00ab\u00a0la VMC double flux thermodynamique chez MyDATEC\u00a0\u00bb.<\/p>\n<div id=\"attachment_3398\" style=\"width: 711px\" class=\"wp-caption alignnone\"><img decoding=\"async\" aria-describedby=\"caption-attachment-3398\" class=\"Article - VMC double flux thermodynamique chez MyDATEC wp-image-3398 size-full\" title=\"Article - VMC double flux thermodynamique chez MyDATEC\" src=\"https:\/\/www.mydatec.com\/wp-content\/uploads\/2016\/01\/2015.12-Article-LInstallateur-VMC-double-flux-thermodynamique-chez-MyDATEC.jpg\" alt=\"Article - VMC double flux thermodynamique chez MyDATEC\" width=\"701\" height=\"942\" srcset=\"https:\/\/www.mydatec.com\/wp-content\/uploads\/2016\/01\/2015.12-Article-LInstallateur-VMC-double-flux-thermodynamique-chez-MyDATEC-23x31.jpg 23w, https:\/\/www.mydatec.com\/wp-content\/uploads\/2016\/01\/2015.12-Article-LInstallateur-VMC-double-flux-thermodynamique-chez-MyDATEC-28x38.jpg 28w, https:\/\/www.mydatec.com\/wp-content\/uploads\/2016\/01\/2015.12-Article-LInstallateur-VMC-double-flux-thermodynamique-chez-MyDATEC-110x148.jpg 110w, https:\/\/www.mydatec.com\/wp-content\/uploads\/2016\/01\/2015.12-Article-LInstallateur-VMC-double-flux-thermodynamique-chez-MyDATEC-160x215.jpg 160w, https:\/\/www.mydatec.com\/wp-content\/uploads\/2016\/01\/2015.12-Article-LInstallateur-VMC-double-flux-thermodynamique-chez-MyDATEC-223x300.jpg 223w, https:\/\/www.mydatec.com\/wp-content\/uploads\/2016\/01\/2015.12-Article-LInstallateur-VMC-double-flux-thermodynamique-chez-MyDATEC.jpg 701w\" sizes=\"(max-width: 701px) 100vw, 701px\" \/><p id=\"caption-attachment-3398\" class=\"wp-caption-text\">Article &#8211; VMC double flux thermodynamique chez MyDATEC<\/p><\/div>\n<blockquote><p>INTERCLIMA &#8211; L&rsquo;INSTALLATEUR Y ETAIT<\/p>\n<p>VMC double flux thermodynamique chez MyDATEC<\/p>\n<p>La PME lyonnaise MYDATEC pr\u00e9sentait sa VMC thermodynamique, un produit \u00ab\u00a03-en-1\u00a0\u00bb d\u00e9di\u00e9 aux maisons individuelles basse consommation et aux petits locaux tertiaires. L&rsquo;appareil, un caisson de 60 kg, int\u00e8gre une pompe \u00e0 chaleur de petite puissance (2 kW) qui r\u00e9cup\u00e8re les calories issues de la ventilation du b\u00e2timent. Il assure la ventilation, le chauffage de base et le rafra\u00eechissement, au travers du r\u00e9seau de la VMC. Coupl\u00e9e \u00e0 un po\u00eale \u00e0 bois, par exemple dans des maisons sup\u00e9rieures \u00e0 100 m\u00b2, la centrale peut \u00e9galement faire de la redistribution d&rsquo;air chaud dans les pi\u00e8ces gr\u00e2ce \u00e0 une bouche d&rsquo;aspiration sp\u00e9cifique, l\u00e0 encore en utilisant le r\u00e9seau existant de la VMC. Pour des maisons de petites dimensions, un compl\u00e9ment \u00e9lectrique suffit pour les jours d&rsquo;hiver les plus froids.<\/p>\n<p>La commande centralis\u00e9 s&rsquo;op\u00e8re au travers d&rsquo;un \u00e9cran tactile qui indique les temp\u00e9ratures ainsi que les consommations (ventilation, chauffage, rafra\u00eechissement, free cooling). Dans les locaux tertiaires en revanche, le pilotage s&rsquo;effectue en fonction de l&rsquo;occupation, gr\u00e2ce \u00e0 un capteur de temp\u00e9rature, d&rsquo;humidit\u00e9 et de COV qui augmente les d\u00e9bits en fonction de la pollution.<\/p>\n<p>Tous les appareils sont livr\u00e9s en kits pr\u00eats \u00e0 poser sur le chantier avec plans de montage.<\/p>\n<h6>Source : L&rsquo;Installateur &#8211; N\u00b0730 &#8211; D\u00e9cembre 2015<\/h6>\n<\/blockquote>\n<p>&nbsp;<\/p>\n<p>&nbsp;<\/p>\n","protected":false},"excerpt":{"rendered":"<p>Retrouvez ci-dessous et dans son int\u00e9gralit\u00e9 l&rsquo;article du N\u00b0730 (D\u00e9cembre 2015) de L&rsquo;Installateur : Article &#8211; \u00ab\u00a0la VMC double flux thermodynamique chez MyDATEC\u00a0\u00bb. INTERCLIMA &#8211;  [&#8230;]<\/p>\n","protected":false},"author":6,"featured_media":3398,"comment_status":"closed","ping_status":"open","sticky":false,"template":"","format":"standard","meta":{"footnotes":""},"categories":[6],"tags":[],"class_list":["post-3399","post","type-post","status-publish","format-standard","has-post-thumbnail","hentry","category-mydatec-news"],"yoast_head":"<!-- This site is optimized with the Yoast SEO plugin v27.5 - https:\/\/yoast.com\/product\/yoast-seo-wordpress\/ -->\n<title>Article - VMC double flux thermodynamique chez MyDATEC -<\/title>\n<meta name=\"description\" content=\"Article - VMC double flux thermodynamique chez MyDATEC. Retrouvez l&#039;article de l&#039;Installateur N\u00b0730 (d\u00e9cembre 2015) sur MyDATEC suite au salon Interclima !\" \/>\n<meta name=\"robots\" content=\"index, follow, max-snippet:-1, max-image-preview:large, max-video-preview:-1\" \/>\n<link rel=\"canonical\" href=\"https:\/\/www.mydatec.com\/fr\/article-vmc-double-flux-thermodynamique-chez-mydatec\/\" \/>\n<meta property=\"og:locale\" content=\"fr_FR\" \/>\n<meta property=\"og:type\" content=\"article\" \/>\n<meta property=\"og:title\" content=\"Article - VMC double flux thermodynamique chez MyDATEC -\" \/>\n<meta property=\"og:description\" content=\"Article - VMC double flux thermodynamique chez MyDATEC. Retrouvez l&#039;article de l&#039;Installateur N\u00b0730 (d\u00e9cembre 2015) sur MyDATEC suite au salon Interclima !\" \/>\n<meta property=\"og:url\" content=\"https:\/\/www.mydatec.com\/fr\/article-vmc-double-flux-thermodynamique-chez-mydatec\/\" \/>\n<meta property=\"og:site_name\" content=\"MyDATEC\" \/>\n<meta property=\"article:published_time\" content=\"2016-01-08T14:12:51+00:00\" \/>\n<meta property=\"article:modified_time\" content=\"2020-04-14T22:21:24+00:00\" \/>\n<meta property=\"og:image\" content=\"https:\/\/www.mydatec.com\/wp-content\/uploads\/2016\/01\/2015.12-Article-LInstallateur-VMC-double-flux-thermodynamique-chez-MyDATEC.jpg\" \/>\n\t<meta property=\"og:image:width\" content=\"701\" \/>\n\t<meta property=\"og:image:height\" content=\"942\" \/>\n\t<meta property=\"og:image:type\" content=\"image\/jpeg\" \/>\n<meta name=\"author\" content=\"Adesio\" \/>\n<meta name=\"twitter:label1\" content=\"\u00c9crit par\" \/>\n\t<meta name=\"twitter:data1\" content=\"Adesio\" \/>\n\t<meta name=\"twitter:label2\" content=\"Dur\u00e9e de lecture estim\u00e9e\" \/>\n\t<meta name=\"twitter:data2\" content=\"1 minute\" \/>\n<script type=\"application\/ld+json\" class=\"yoast-schema-graph\">{\"@context\":\"https:\\\/\\\/schema.org\",\"@graph\":[{\"@type\":\"Article\",\"@id\":\"https:\\\/\\\/www.mydatec.com\\\/fr\\\/article-vmc-double-flux-thermodynamique-chez-mydatec\\\/#article\",\"isPartOf\":{\"@id\":\"https:\\\/\\\/www.mydatec.com\\\/fr\\\/article-vmc-double-flux-thermodynamique-chez-mydatec\\\/\"},\"author\":{\"name\":\"Adesio\",\"@id\":\"https:\\\/\\\/www.mydatec.com\\\/fr\\\/#\\\/schema\\\/person\\\/8a955a8b03b4633336dc88624c72d23b\"},\"headline\":\"Article &#8211; VMC double flux thermodynamique chez MyDATEC\",\"datePublished\":\"2016-01-08T14:12:51+00:00\",\"dateModified\":\"2020-04-14T22:21:24+00:00\",\"mainEntityOfPage\":{\"@id\":\"https:\\\/\\\/www.mydatec.com\\\/fr\\\/article-vmc-double-flux-thermodynamique-chez-mydatec\\\/\"},\"wordCount\":291,\"publisher\":{\"@id\":\"https:\\\/\\\/www.mydatec.com\\\/fr\\\/#organization\"},\"image\":{\"@id\":\"https:\\\/\\\/www.mydatec.com\\\/fr\\\/article-vmc-double-flux-thermodynamique-chez-mydatec\\\/#primaryimage\"},\"thumbnailUrl\":\"https:\\\/\\\/www.mydatec.com\\\/wp-content\\\/uploads\\\/2016\\\/01\\\/2015.12-Article-LInstallateur-VMC-double-flux-thermodynamique-chez-MyDATEC.jpg\",\"articleSection\":[\"MyDatec News\"],\"inLanguage\":\"fr-FR\"},{\"@type\":\"WebPage\",\"@id\":\"https:\\\/\\\/www.mydatec.com\\\/fr\\\/article-vmc-double-flux-thermodynamique-chez-mydatec\\\/\",\"url\":\"https:\\\/\\\/www.mydatec.com\\\/fr\\\/article-vmc-double-flux-thermodynamique-chez-mydatec\\\/\",\"name\":\"Article - VMC double flux thermodynamique chez MyDATEC -\",\"isPartOf\":{\"@id\":\"https:\\\/\\\/www.mydatec.com\\\/fr\\\/#website\"},\"primaryImageOfPage\":{\"@id\":\"https:\\\/\\\/www.mydatec.com\\\/fr\\\/article-vmc-double-flux-thermodynamique-chez-mydatec\\\/#primaryimage\"},\"image\":{\"@id\":\"https:\\\/\\\/www.mydatec.com\\\/fr\\\/article-vmc-double-flux-thermodynamique-chez-mydatec\\\/#primaryimage\"},\"thumbnailUrl\":\"https:\\\/\\\/www.mydatec.com\\\/wp-content\\\/uploads\\\/2016\\\/01\\\/2015.12-Article-LInstallateur-VMC-double-flux-thermodynamique-chez-MyDATEC.jpg\",\"datePublished\":\"2016-01-08T14:12:51+00:00\",\"dateModified\":\"2020-04-14T22:21:24+00:00\",\"description\":\"Article - VMC double flux thermodynamique chez MyDATEC. Retrouvez l'article de l'Installateur N\u00b0730 (d\u00e9cembre 2015) sur MyDATEC suite au salon Interclima !\",\"breadcrumb\":{\"@id\":\"https:\\\/\\\/www.mydatec.com\\\/fr\\\/article-vmc-double-flux-thermodynamique-chez-mydatec\\\/#breadcrumb\"},\"inLanguage\":\"fr-FR\",\"potentialAction\":[{\"@type\":\"ReadAction\",\"target\":[\"https:\\\/\\\/www.mydatec.com\\\/fr\\\/article-vmc-double-flux-thermodynamique-chez-mydatec\\\/\"]}]},{\"@type\":\"ImageObject\",\"inLanguage\":\"fr-FR\",\"@id\":\"https:\\\/\\\/www.mydatec.com\\\/fr\\\/article-vmc-double-flux-thermodynamique-chez-mydatec\\\/#primaryimage\",\"url\":\"https:\\\/\\\/www.mydatec.com\\\/wp-content\\\/uploads\\\/2016\\\/01\\\/2015.12-Article-LInstallateur-VMC-double-flux-thermodynamique-chez-MyDATEC.jpg\",\"contentUrl\":\"https:\\\/\\\/www.mydatec.com\\\/wp-content\\\/uploads\\\/2016\\\/01\\\/2015.12-Article-LInstallateur-VMC-double-flux-thermodynamique-chez-MyDATEC.jpg\",\"width\":701,\"height\":942,\"caption\":\"2015.12 Article L'Installateur - VMC double flux thermodynamique chez MyDATEC\"},{\"@type\":\"BreadcrumbList\",\"@id\":\"https:\\\/\\\/www.mydatec.com\\\/fr\\\/article-vmc-double-flux-thermodynamique-chez-mydatec\\\/#breadcrumb\",\"itemListElement\":[{\"@type\":\"ListItem\",\"position\":1,\"name\":\"Accueil\",\"item\":\"https:\\\/\\\/www.mydatec.com\\\/fr\\\/\"},{\"@type\":\"ListItem\",\"position\":2,\"name\":\"Article &#8211; VMC double flux thermodynamique chez MyDATEC\"}]},{\"@type\":\"WebSite\",\"@id\":\"https:\\\/\\\/www.mydatec.com\\\/fr\\\/#website\",\"url\":\"https:\\\/\\\/www.mydatec.com\\\/fr\\\/\",\"name\":\"MyDATEC\",\"description\":\"La solution thermodynamique\",\"publisher\":{\"@id\":\"https:\\\/\\\/www.mydatec.com\\\/fr\\\/#organization\"},\"potentialAction\":[{\"@type\":\"SearchAction\",\"target\":{\"@type\":\"EntryPoint\",\"urlTemplate\":\"https:\\\/\\\/www.mydatec.com\\\/fr\\\/?s={search_term_string}\"},\"query-input\":{\"@type\":\"PropertyValueSpecification\",\"valueRequired\":true,\"valueName\":\"search_term_string\"}}],\"inLanguage\":\"fr-FR\"},{\"@type\":\"Organization\",\"@id\":\"https:\\\/\\\/www.mydatec.com\\\/fr\\\/#organization\",\"name\":\"MyDatec\",\"url\":\"https:\\\/\\\/www.mydatec.com\\\/fr\\\/\",\"logo\":{\"@type\":\"ImageObject\",\"inLanguage\":\"fr-FR\",\"@id\":\"https:\\\/\\\/www.mydatec.com\\\/fr\\\/#\\\/schema\\\/logo\\\/image\\\/\",\"url\":\"https:\\\/\\\/www.mydatec.com\\\/wp-content\\\/uploads\\\/2022\\\/01\\\/logo-mydatec.jpg\",\"contentUrl\":\"https:\\\/\\\/www.mydatec.com\\\/wp-content\\\/uploads\\\/2022\\\/01\\\/logo-mydatec.jpg\",\"width\":434,\"height\":351,\"caption\":\"MyDatec\"},\"image\":{\"@id\":\"https:\\\/\\\/www.mydatec.com\\\/fr\\\/#\\\/schema\\\/logo\\\/image\\\/\"},\"sameAs\":[\"http:\\\/\\\/www.linkedin.com\\\/in\\\/MyDATEC\"]},{\"@type\":\"Person\",\"@id\":\"https:\\\/\\\/www.mydatec.com\\\/fr\\\/#\\\/schema\\\/person\\\/8a955a8b03b4633336dc88624c72d23b\",\"name\":\"Adesio\",\"image\":{\"@type\":\"ImageObject\",\"inLanguage\":\"fr-FR\",\"@id\":\"https:\\\/\\\/secure.gravatar.com\\\/avatar\\\/911c38bd1b055d215e9e723f8cf5cf6e0410081766de691ba1ac706711e62d6c?s=96&d=mm&r=g\",\"url\":\"https:\\\/\\\/secure.gravatar.com\\\/avatar\\\/911c38bd1b055d215e9e723f8cf5cf6e0410081766de691ba1ac706711e62d6c?s=96&d=mm&r=g\",\"contentUrl\":\"https:\\\/\\\/secure.gravatar.com\\\/avatar\\\/911c38bd1b055d215e9e723f8cf5cf6e0410081766de691ba1ac706711e62d6c?s=96&d=mm&r=g\",\"caption\":\"Adesio\"}}]}<\/script>\n<!-- \/ Yoast SEO plugin. -->","yoast_head_json":{"title":"Article - VMC double flux thermodynamique chez MyDATEC -","description":"Article - VMC double flux thermodynamique chez MyDATEC. Retrouvez l'article de l'Installateur N\u00b0730 (d\u00e9cembre 2015) sur MyDATEC suite au salon Interclima !","robots":{"index":"index","follow":"follow","max-snippet":"max-snippet:-1","max-image-preview":"max-image-preview:large","max-video-preview":"max-video-preview:-1"},"canonical":"https:\/\/www.mydatec.com\/fr\/article-vmc-double-flux-thermodynamique-chez-mydatec\/","og_locale":"fr_FR","og_type":"article","og_title":"Article - VMC double flux thermodynamique chez MyDATEC -","og_description":"Article - VMC double flux thermodynamique chez MyDATEC. Retrouvez l'article de l'Installateur N\u00b0730 (d\u00e9cembre 2015) sur MyDATEC suite au salon Interclima !","og_url":"https:\/\/www.mydatec.com\/fr\/article-vmc-double-flux-thermodynamique-chez-mydatec\/","og_site_name":"MyDATEC","article_published_time":"2016-01-08T14:12:51+00:00","article_modified_time":"2020-04-14T22:21:24+00:00","og_image":[{"width":701,"height":942,"url":"https:\/\/www.mydatec.com\/wp-content\/uploads\/2016\/01\/2015.12-Article-LInstallateur-VMC-double-flux-thermodynamique-chez-MyDATEC.jpg","type":"image\/jpeg"}],"author":"Adesio","twitter_misc":{"\u00c9crit par":"Adesio","Dur\u00e9e de lecture estim\u00e9e":"1 minute"},"schema":{"@context":"https:\/\/schema.org","@graph":[{"@type":"Article","@id":"https:\/\/www.mydatec.com\/fr\/article-vmc-double-flux-thermodynamique-chez-mydatec\/#article","isPartOf":{"@id":"https:\/\/www.mydatec.com\/fr\/article-vmc-double-flux-thermodynamique-chez-mydatec\/"},"author":{"name":"Adesio","@id":"https:\/\/www.mydatec.com\/fr\/#\/schema\/person\/8a955a8b03b4633336dc88624c72d23b"},"headline":"Article &#8211; VMC double flux thermodynamique chez MyDATEC","datePublished":"2016-01-08T14:12:51+00:00","dateModified":"2020-04-14T22:21:24+00:00","mainEntityOfPage":{"@id":"https:\/\/www.mydatec.com\/fr\/article-vmc-double-flux-thermodynamique-chez-mydatec\/"},"wordCount":291,"publisher":{"@id":"https:\/\/www.mydatec.com\/fr\/#organization"},"image":{"@id":"https:\/\/www.mydatec.com\/fr\/article-vmc-double-flux-thermodynamique-chez-mydatec\/#primaryimage"},"thumbnailUrl":"https:\/\/www.mydatec.com\/wp-content\/uploads\/2016\/01\/2015.12-Article-LInstallateur-VMC-double-flux-thermodynamique-chez-MyDATEC.jpg","articleSection":["MyDatec News"],"inLanguage":"fr-FR"},{"@type":"WebPage","@id":"https:\/\/www.mydatec.com\/fr\/article-vmc-double-flux-thermodynamique-chez-mydatec\/","url":"https:\/\/www.mydatec.com\/fr\/article-vmc-double-flux-thermodynamique-chez-mydatec\/","name":"Article - VMC double flux thermodynamique chez MyDATEC -","isPartOf":{"@id":"https:\/\/www.mydatec.com\/fr\/#website"},"primaryImageOfPage":{"@id":"https:\/\/www.mydatec.com\/fr\/article-vmc-double-flux-thermodynamique-chez-mydatec\/#primaryimage"},"image":{"@id":"https:\/\/www.mydatec.com\/fr\/article-vmc-double-flux-thermodynamique-chez-mydatec\/#primaryimage"},"thumbnailUrl":"https:\/\/www.mydatec.com\/wp-content\/uploads\/2016\/01\/2015.12-Article-LInstallateur-VMC-double-flux-thermodynamique-chez-MyDATEC.jpg","datePublished":"2016-01-08T14:12:51+00:00","dateModified":"2020-04-14T22:21:24+00:00","description":"Article - VMC double flux thermodynamique chez MyDATEC. Retrouvez l'article de l'Installateur N\u00b0730 (d\u00e9cembre 2015) sur MyDATEC suite au salon Interclima !","breadcrumb":{"@id":"https:\/\/www.mydatec.com\/fr\/article-vmc-double-flux-thermodynamique-chez-mydatec\/#breadcrumb"},"inLanguage":"fr-FR","potentialAction":[{"@type":"ReadAction","target":["https:\/\/www.mydatec.com\/fr\/article-vmc-double-flux-thermodynamique-chez-mydatec\/"]}]},{"@type":"ImageObject","inLanguage":"fr-FR","@id":"https:\/\/www.mydatec.com\/fr\/article-vmc-double-flux-thermodynamique-chez-mydatec\/#primaryimage","url":"https:\/\/www.mydatec.com\/wp-content\/uploads\/2016\/01\/2015.12-Article-LInstallateur-VMC-double-flux-thermodynamique-chez-MyDATEC.jpg","contentUrl":"https:\/\/www.mydatec.com\/wp-content\/uploads\/2016\/01\/2015.12-Article-LInstallateur-VMC-double-flux-thermodynamique-chez-MyDATEC.jpg","width":701,"height":942,"caption":"2015.12 Article L'Installateur - VMC double flux thermodynamique chez MyDATEC"},{"@type":"BreadcrumbList","@id":"https:\/\/www.mydatec.com\/fr\/article-vmc-double-flux-thermodynamique-chez-mydatec\/#breadcrumb","itemListElement":[{"@type":"ListItem","position":1,"name":"Accueil","item":"https:\/\/www.mydatec.com\/fr\/"},{"@type":"ListItem","position":2,"name":"Article &#8211; VMC double flux thermodynamique chez MyDATEC"}]},{"@type":"WebSite","@id":"https:\/\/www.mydatec.com\/fr\/#website","url":"https:\/\/www.mydatec.com\/fr\/","name":"MyDATEC","description":"La solution thermodynamique","publisher":{"@id":"https:\/\/www.mydatec.com\/fr\/#organization"},"potentialAction":[{"@type":"SearchAction","target":{"@type":"EntryPoint","urlTemplate":"https:\/\/www.mydatec.com\/fr\/?s={search_term_string}"},"query-input":{"@type":"PropertyValueSpecification","valueRequired":true,"valueName":"search_term_string"}}],"inLanguage":"fr-FR"},{"@type":"Organization","@id":"https:\/\/www.mydatec.com\/fr\/#organization","name":"MyDatec","url":"https:\/\/www.mydatec.com\/fr\/","logo":{"@type":"ImageObject","inLanguage":"fr-FR","@id":"https:\/\/www.mydatec.com\/fr\/#\/schema\/logo\/image\/","url":"https:\/\/www.mydatec.com\/wp-content\/uploads\/2022\/01\/logo-mydatec.jpg","contentUrl":"https:\/\/www.mydatec.com\/wp-content\/uploads\/2022\/01\/logo-mydatec.jpg","width":434,"height":351,"caption":"MyDatec"},"image":{"@id":"https:\/\/www.mydatec.com\/fr\/#\/schema\/logo\/image\/"},"sameAs":["http:\/\/www.linkedin.com\/in\/MyDATEC"]},{"@type":"Person","@id":"https:\/\/www.mydatec.com\/fr\/#\/schema\/person\/8a955a8b03b4633336dc88624c72d23b","name":"Adesio","image":{"@type":"ImageObject","inLanguage":"fr-FR","@id":"https:\/\/secure.gravatar.com\/avatar\/911c38bd1b055d215e9e723f8cf5cf6e0410081766de691ba1ac706711e62d6c?s=96&d=mm&r=g","url":"https:\/\/secure.gravatar.com\/avatar\/911c38bd1b055d215e9e723f8cf5cf6e0410081766de691ba1ac706711e62d6c?s=96&d=mm&r=g","contentUrl":"https:\/\/secure.gravatar.com\/avatar\/911c38bd1b055d215e9e723f8cf5cf6e0410081766de691ba1ac706711e62d6c?s=96&d=mm&r=g","caption":"Adesio"}}]}},"_links":{"self":[{"href":"https:\/\/www.mydatec.com\/fr\/wp-json\/wp\/v2\/posts\/3399","targetHints":{"allow":["GET"]}}],"collection":[{"href":"https:\/\/www.mydatec.com\/fr\/wp-json\/wp\/v2\/posts"}],"about":[{"href":"https:\/\/www.mydatec.com\/fr\/wp-json\/wp\/v2\/types\/post"}],"author":[{"embeddable":true,"href":"https:\/\/www.mydatec.com\/fr\/wp-json\/wp\/v2\/users\/6"}],"replies":[{"embeddable":true,"href":"https:\/\/www.mydatec.com\/fr\/wp-json\/wp\/v2\/comments?post=3399"}],"version-history":[{"count":4,"href":"https:\/\/www.mydatec.com\/fr\/wp-json\/wp\/v2\/posts\/3399\/revisions"}],"predecessor-version":[{"id":5176,"href":"https:\/\/www.mydatec.com\/fr\/wp-json\/wp\/v2\/posts\/3399\/revisions\/5176"}],"wp:featuredmedia":[{"embeddable":true,"href":"https:\/\/www.mydatec.com\/fr\/wp-json\/wp\/v2\/media\/3398"}],"wp:attachment":[{"href":"https:\/\/www.mydatec.com\/fr\/wp-json\/wp\/v2\/media?parent=3399"}],"wp:term":[{"taxonomy":"category","embeddable":true,"href":"https:\/\/www.mydatec.com\/fr\/wp-json\/wp\/v2\/categories?post=3399"},{"taxonomy":"post_tag","embeddable":true,"href":"https:\/\/www.mydatec.com\/fr\/wp-json\/wp\/v2\/tags?post=3399"}],"curies":[{"name":"wp","href":"https:\/\/api.w.org\/{rel}","templated":true}]}}