{"id":2651,"date":"2014-12-03T18:34:19","date_gmt":"2014-12-03T17:34:19","guid":{"rendered":"https:\/\/www.mydatec.com\/?p=2651"},"modified":"2020-04-14T23:21:25","modified_gmt":"2020-04-14T22:21:25","slug":"formation-installateurs-experts-mydatec","status":"publish","type":"post","link":"https:\/\/www.mydatec.com\/fr\/formation-installateurs-experts-mydatec\/","title":{"rendered":"La formation installateurs experts MyDATEC !"},"content":{"rendered":"<div id=\"attachment_2653\" style=\"width: 510px\" class=\"wp-caption alignnone\"><img decoding=\"async\" aria-describedby=\"caption-attachment-2653\" class=\"size-full wp-image-2653\" src=\"https:\/\/www.mydatec.com\/wp-content\/uploads\/2014\/12\/formation-equilibrage-debit.jpg\" alt=\"formation-equilibrage-debit\" width=\"500\" height=\"375\" srcset=\"https:\/\/www.mydatec.com\/wp-content\/uploads\/2014\/12\/formation-equilibrage-debit-31x23.jpg 31w, https:\/\/www.mydatec.com\/wp-content\/uploads\/2014\/12\/formation-equilibrage-debit-38x28.jpg 38w, https:\/\/www.mydatec.com\/wp-content\/uploads\/2014\/12\/formation-equilibrage-debit-148x111.jpg 148w, https:\/\/www.mydatec.com\/wp-content\/uploads\/2014\/12\/formation-equilibrage-debit-286x215.jpg 286w, https:\/\/www.mydatec.com\/wp-content\/uploads\/2014\/12\/formation-equilibrage-debit-300x225.jpg 300w, https:\/\/www.mydatec.com\/wp-content\/uploads\/2014\/12\/formation-equilibrage-debit.jpg 500w\" sizes=\"(max-width: 500px) 100vw, 500px\" \/><p id=\"caption-attachment-2653\" class=\"wp-caption-text\">Travaux pratiques sur l\u2019\u00e9quilibrage d\u2019un r\u00e9seau a\u00e9raulique MyDATEC.<\/p><\/div>\n<p>Le jeudi 20 novembre 2014 et pour la premi\u00e8re fois, la soci\u00e9t\u00e9 MyDATEC proposait une formation aux professionnels du b\u00e2timent. La prestation s\u2019est d\u00e9roul\u00e9e sur une journ\u00e9e compl\u00e8te. Destin\u00e9e aux installateurs des produits MyDATEC (\u00e9lectriciens, frigoristes et chauffagistes), la formation avait pour objectif de former les professionnels sur\u00a0:<\/p>\n<ul>\n<li>La ma\u00eetrise des <a href=\"https:\/\/www.mydatec.com\/machines\/\">produits MyDATEC<\/a><\/li>\n<li>Les notions frigorifiques des \u00e9quipements thermodynamiques<\/li>\n<li>La proc\u00e9dure d\u2019\u00e9quilibrage d\u2019un r\u00e9seau a\u00e9raulique<\/li>\n<\/ul>\n<p>Apr\u00e8s quelques heures pass\u00e9es \u00e0 pr\u00e9senter le principe th\u00e9orique de la VMC thermodynamique MyDATEC, les participants ont pu d\u00e9guster un excellent repas pr\u00e9par\u00e9 par les soins du <a href=\"https:\/\/seraphin-traiteur-lyonnais.com\/\">traiteur S\u00e9raphin<\/a>.<\/p>\n<div id=\"attachment_2654\" style=\"width: 510px\" class=\"wp-caption alignnone\"><img decoding=\"async\" aria-describedby=\"caption-attachment-2654\" class=\"size-full wp-image-2654\" src=\"https:\/\/www.mydatec.com\/wp-content\/uploads\/2014\/12\/formation-seraphin.jpg\" alt=\"formation-seraphin\" width=\"500\" height=\"375\" srcset=\"https:\/\/www.mydatec.com\/wp-content\/uploads\/2014\/12\/formation-seraphin-31x23.jpg 31w, https:\/\/www.mydatec.com\/wp-content\/uploads\/2014\/12\/formation-seraphin-38x28.jpg 38w, https:\/\/www.mydatec.com\/wp-content\/uploads\/2014\/12\/formation-seraphin-148x111.jpg 148w, https:\/\/www.mydatec.com\/wp-content\/uploads\/2014\/12\/formation-seraphin-286x215.jpg 286w, https:\/\/www.mydatec.com\/wp-content\/uploads\/2014\/12\/formation-seraphin-300x225.jpg 300w, https:\/\/www.mydatec.com\/wp-content\/uploads\/2014\/12\/formation-seraphin.jpg 500w\" sizes=\"(max-width: 500px) 100vw, 500px\" \/><p id=\"caption-attachment-2654\" class=\"wp-caption-text\">Repas du midi pr\u00e9par\u00e9 par les soins du traiteur S\u00e9raphin.<\/p><\/div>\n<h1>Une formation de qualit\u00e9\u00a0!<\/h1>\n<p>L\u2019apr\u00e8s-midi la formation \u00e9tait consacr\u00e9 aux travaux pratiques. Assemblage de la machine, mise en service, simulation de panne, \u00e9quilibrage d\u2019un r\u00e9seau a\u00e9raulique\u2026 Les participants manipulaient les syst\u00e8mes MyDATEC en s\u2019aidant de proc\u00e9dures papiers.<\/p>\n<p>Enfin, apr\u00e8s un ap\u00e9ritif, les professionnels pouvaient s\u2019auto\u00e9valuer et repartaient avec quelques surprises\u2026<\/p>\n<p>D\u00e9couvrez toutes nos <a href=\"http:\/\/La formation installateurs experts MyDATEC !\" data-wplink-url-error=\"true\">formations MyDatec<\/a><\/p>\n<p><strong>Si vous \u00eates int\u00e9ress\u00e9s par une formation professionnelle men\u00e9e par MyDATEC, <a href=\"https:\/\/www.mydatec.com\/mydatec-demande-de-devis-vmc\/\">n\u2019h\u00e9sitez pas \u00e0 nous contacter<\/a>\u00a0!<\/strong><\/p>\n","protected":false},"excerpt":{"rendered":"<p>Le jeudi 20 novembre 2014 et pour la premi\u00e8re fois, la soci\u00e9t\u00e9 MyDATEC proposait une formation aux professionnels du b\u00e2timent. La prestation s\u2019est d\u00e9roul\u00e9e sur  [&#8230;]<\/p>\n","protected":false},"author":6,"featured_media":2653,"comment_status":"closed","ping_status":"open","sticky":false,"template":"","format":"standard","meta":{"footnotes":""},"categories":[1],"tags":[],"class_list":["post-2651","post","type-post","status-publish","format-standard","has-post-thumbnail","hentry","category-non-classifiee"],"yoast_head":"<!-- This site is optimized with the Yoast SEO plugin v27.5 - https:\/\/yoast.com\/product\/yoast-seo-wordpress\/ -->\n<title>La formation installateurs experts MyDATEC ! -<\/title>\n<meta name=\"description\" content=\"Une formation propos\u00e9e aux installateurs experts MyDATEC sur la VMC double flux thermodynamique, ventilation, chauffage, rafraichissement, pompe \u00e0 chaleur.\" \/>\n<meta name=\"robots\" content=\"index, follow, max-snippet:-1, max-image-preview:large, max-video-preview:-1\" \/>\n<link rel=\"canonical\" href=\"https:\/\/www.mydatec.com\/fr\/formation-installateurs-experts-mydatec\/\" \/>\n<meta property=\"og:locale\" content=\"fr_FR\" \/>\n<meta property=\"og:type\" content=\"article\" \/>\n<meta property=\"og:title\" content=\"La formation installateurs experts MyDATEC ! -\" \/>\n<meta property=\"og:description\" content=\"Une formation propos\u00e9e aux installateurs experts MyDATEC sur la VMC double flux thermodynamique, ventilation, chauffage, rafraichissement, pompe \u00e0 chaleur.\" \/>\n<meta property=\"og:url\" content=\"https:\/\/www.mydatec.com\/fr\/formation-installateurs-experts-mydatec\/\" \/>\n<meta property=\"og:site_name\" content=\"MyDATEC\" \/>\n<meta property=\"article:published_time\" content=\"2014-12-03T17:34:19+00:00\" \/>\n<meta property=\"article:modified_time\" content=\"2020-04-14T22:21:25+00:00\" \/>\n<meta property=\"og:image\" content=\"https:\/\/www.mydatec.com\/wp-content\/uploads\/2014\/12\/formation-equilibrage-debit.jpg\" \/>\n\t<meta property=\"og:image:width\" content=\"500\" \/>\n\t<meta property=\"og:image:height\" content=\"375\" \/>\n\t<meta property=\"og:image:type\" content=\"image\/jpeg\" \/>\n<meta name=\"author\" content=\"Adesio\" \/>\n<meta name=\"twitter:label1\" content=\"\u00c9crit par\" \/>\n\t<meta name=\"twitter:data1\" content=\"Adesio\" \/>\n\t<meta name=\"twitter:label2\" content=\"Dur\u00e9e de lecture estim\u00e9e\" \/>\n\t<meta name=\"twitter:data2\" content=\"1 minute\" \/>\n<script type=\"application\/ld+json\" class=\"yoast-schema-graph\">{\"@context\":\"https:\\\/\\\/schema.org\",\"@graph\":[{\"@type\":\"Article\",\"@id\":\"https:\\\/\\\/www.mydatec.com\\\/fr\\\/formation-installateurs-experts-mydatec\\\/#article\",\"isPartOf\":{\"@id\":\"https:\\\/\\\/www.mydatec.com\\\/fr\\\/formation-installateurs-experts-mydatec\\\/\"},\"author\":{\"name\":\"Adesio\",\"@id\":\"https:\\\/\\\/www.mydatec.com\\\/fr\\\/#\\\/schema\\\/person\\\/8a955a8b03b4633336dc88624c72d23b\"},\"headline\":\"La formation installateurs experts MyDATEC !\",\"datePublished\":\"2014-12-03T17:34:19+00:00\",\"dateModified\":\"2020-04-14T22:21:25+00:00\",\"mainEntityOfPage\":{\"@id\":\"https:\\\/\\\/www.mydatec.com\\\/fr\\\/formation-installateurs-experts-mydatec\\\/\"},\"wordCount\":244,\"publisher\":{\"@id\":\"https:\\\/\\\/www.mydatec.com\\\/fr\\\/#organization\"},\"image\":{\"@id\":\"https:\\\/\\\/www.mydatec.com\\\/fr\\\/formation-installateurs-experts-mydatec\\\/#primaryimage\"},\"thumbnailUrl\":\"https:\\\/\\\/www.mydatec.com\\\/wp-content\\\/uploads\\\/2014\\\/12\\\/formation-equilibrage-debit.jpg\",\"articleSection\":[\"Non classifi\u00e9(e)\"],\"inLanguage\":\"fr-FR\"},{\"@type\":\"WebPage\",\"@id\":\"https:\\\/\\\/www.mydatec.com\\\/fr\\\/formation-installateurs-experts-mydatec\\\/\",\"url\":\"https:\\\/\\\/www.mydatec.com\\\/fr\\\/formation-installateurs-experts-mydatec\\\/\",\"name\":\"La formation installateurs experts MyDATEC ! -\",\"isPartOf\":{\"@id\":\"https:\\\/\\\/www.mydatec.com\\\/fr\\\/#website\"},\"primaryImageOfPage\":{\"@id\":\"https:\\\/\\\/www.mydatec.com\\\/fr\\\/formation-installateurs-experts-mydatec\\\/#primaryimage\"},\"image\":{\"@id\":\"https:\\\/\\\/www.mydatec.com\\\/fr\\\/formation-installateurs-experts-mydatec\\\/#primaryimage\"},\"thumbnailUrl\":\"https:\\\/\\\/www.mydatec.com\\\/wp-content\\\/uploads\\\/2014\\\/12\\\/formation-equilibrage-debit.jpg\",\"datePublished\":\"2014-12-03T17:34:19+00:00\",\"dateModified\":\"2020-04-14T22:21:25+00:00\",\"description\":\"Une formation propos\u00e9e aux installateurs experts MyDATEC sur la VMC double flux thermodynamique, ventilation, chauffage, rafraichissement, pompe \u00e0 chaleur.\",\"breadcrumb\":{\"@id\":\"https:\\\/\\\/www.mydatec.com\\\/fr\\\/formation-installateurs-experts-mydatec\\\/#breadcrumb\"},\"inLanguage\":\"fr-FR\",\"potentialAction\":[{\"@type\":\"ReadAction\",\"target\":[\"https:\\\/\\\/www.mydatec.com\\\/fr\\\/formation-installateurs-experts-mydatec\\\/\"]}]},{\"@type\":\"ImageObject\",\"inLanguage\":\"fr-FR\",\"@id\":\"https:\\\/\\\/www.mydatec.com\\\/fr\\\/formation-installateurs-experts-mydatec\\\/#primaryimage\",\"url\":\"https:\\\/\\\/www.mydatec.com\\\/wp-content\\\/uploads\\\/2014\\\/12\\\/formation-equilibrage-debit.jpg\",\"contentUrl\":\"https:\\\/\\\/www.mydatec.com\\\/wp-content\\\/uploads\\\/2014\\\/12\\\/formation-equilibrage-debit.jpg\",\"width\":500,\"height\":375,\"caption\":\"formation-equilibrage-debit\"},{\"@type\":\"BreadcrumbList\",\"@id\":\"https:\\\/\\\/www.mydatec.com\\\/fr\\\/formation-installateurs-experts-mydatec\\\/#breadcrumb\",\"itemListElement\":[{\"@type\":\"ListItem\",\"position\":1,\"name\":\"Accueil\",\"item\":\"https:\\\/\\\/www.mydatec.com\\\/fr\\\/\"},{\"@type\":\"ListItem\",\"position\":2,\"name\":\"La formation installateurs experts MyDATEC !\"}]},{\"@type\":\"WebSite\",\"@id\":\"https:\\\/\\\/www.mydatec.com\\\/fr\\\/#website\",\"url\":\"https:\\\/\\\/www.mydatec.com\\\/fr\\\/\",\"name\":\"MyDATEC\",\"description\":\"La solution thermodynamique\",\"publisher\":{\"@id\":\"https:\\\/\\\/www.mydatec.com\\\/fr\\\/#organization\"},\"potentialAction\":[{\"@type\":\"SearchAction\",\"target\":{\"@type\":\"EntryPoint\",\"urlTemplate\":\"https:\\\/\\\/www.mydatec.com\\\/fr\\\/?s={search_term_string}\"},\"query-input\":{\"@type\":\"PropertyValueSpecification\",\"valueRequired\":true,\"valueName\":\"search_term_string\"}}],\"inLanguage\":\"fr-FR\"},{\"@type\":\"Organization\",\"@id\":\"https:\\\/\\\/www.mydatec.com\\\/fr\\\/#organization\",\"name\":\"MyDatec\",\"url\":\"https:\\\/\\\/www.mydatec.com\\\/fr\\\/\",\"logo\":{\"@type\":\"ImageObject\",\"inLanguage\":\"fr-FR\",\"@id\":\"https:\\\/\\\/www.mydatec.com\\\/fr\\\/#\\\/schema\\\/logo\\\/image\\\/\",\"url\":\"https:\\\/\\\/www.mydatec.com\\\/wp-content\\\/uploads\\\/2022\\\/01\\\/logo-mydatec.jpg\",\"contentUrl\":\"https:\\\/\\\/www.mydatec.com\\\/wp-content\\\/uploads\\\/2022\\\/01\\\/logo-mydatec.jpg\",\"width\":434,\"height\":351,\"caption\":\"MyDatec\"},\"image\":{\"@id\":\"https:\\\/\\\/www.mydatec.com\\\/fr\\\/#\\\/schema\\\/logo\\\/image\\\/\"},\"sameAs\":[\"http:\\\/\\\/www.linkedin.com\\\/in\\\/MyDATEC\"]},{\"@type\":\"Person\",\"@id\":\"https:\\\/\\\/www.mydatec.com\\\/fr\\\/#\\\/schema\\\/person\\\/8a955a8b03b4633336dc88624c72d23b\",\"name\":\"Adesio\",\"image\":{\"@type\":\"ImageObject\",\"inLanguage\":\"fr-FR\",\"@id\":\"https:\\\/\\\/secure.gravatar.com\\\/avatar\\\/911c38bd1b055d215e9e723f8cf5cf6e0410081766de691ba1ac706711e62d6c?s=96&d=mm&r=g\",\"url\":\"https:\\\/\\\/secure.gravatar.com\\\/avatar\\\/911c38bd1b055d215e9e723f8cf5cf6e0410081766de691ba1ac706711e62d6c?s=96&d=mm&r=g\",\"contentUrl\":\"https:\\\/\\\/secure.gravatar.com\\\/avatar\\\/911c38bd1b055d215e9e723f8cf5cf6e0410081766de691ba1ac706711e62d6c?s=96&d=mm&r=g\",\"caption\":\"Adesio\"}}]}<\/script>\n<!-- \/ Yoast SEO plugin. -->","yoast_head_json":{"title":"La formation installateurs experts MyDATEC ! -","description":"Une formation propos\u00e9e aux installateurs experts MyDATEC sur la VMC double flux thermodynamique, ventilation, chauffage, rafraichissement, pompe \u00e0 chaleur.","robots":{"index":"index","follow":"follow","max-snippet":"max-snippet:-1","max-image-preview":"max-image-preview:large","max-video-preview":"max-video-preview:-1"},"canonical":"https:\/\/www.mydatec.com\/fr\/formation-installateurs-experts-mydatec\/","og_locale":"fr_FR","og_type":"article","og_title":"La formation installateurs experts MyDATEC ! -","og_description":"Une formation propos\u00e9e aux installateurs experts MyDATEC sur la VMC double flux thermodynamique, ventilation, chauffage, rafraichissement, pompe \u00e0 chaleur.","og_url":"https:\/\/www.mydatec.com\/fr\/formation-installateurs-experts-mydatec\/","og_site_name":"MyDATEC","article_published_time":"2014-12-03T17:34:19+00:00","article_modified_time":"2020-04-14T22:21:25+00:00","og_image":[{"width":500,"height":375,"url":"https:\/\/www.mydatec.com\/wp-content\/uploads\/2014\/12\/formation-equilibrage-debit.jpg","type":"image\/jpeg"}],"author":"Adesio","twitter_misc":{"\u00c9crit par":"Adesio","Dur\u00e9e de lecture estim\u00e9e":"1 minute"},"schema":{"@context":"https:\/\/schema.org","@graph":[{"@type":"Article","@id":"https:\/\/www.mydatec.com\/fr\/formation-installateurs-experts-mydatec\/#article","isPartOf":{"@id":"https:\/\/www.mydatec.com\/fr\/formation-installateurs-experts-mydatec\/"},"author":{"name":"Adesio","@id":"https:\/\/www.mydatec.com\/fr\/#\/schema\/person\/8a955a8b03b4633336dc88624c72d23b"},"headline":"La formation installateurs experts MyDATEC !","datePublished":"2014-12-03T17:34:19+00:00","dateModified":"2020-04-14T22:21:25+00:00","mainEntityOfPage":{"@id":"https:\/\/www.mydatec.com\/fr\/formation-installateurs-experts-mydatec\/"},"wordCount":244,"publisher":{"@id":"https:\/\/www.mydatec.com\/fr\/#organization"},"image":{"@id":"https:\/\/www.mydatec.com\/fr\/formation-installateurs-experts-mydatec\/#primaryimage"},"thumbnailUrl":"https:\/\/www.mydatec.com\/wp-content\/uploads\/2014\/12\/formation-equilibrage-debit.jpg","articleSection":["Non classifi\u00e9(e)"],"inLanguage":"fr-FR"},{"@type":"WebPage","@id":"https:\/\/www.mydatec.com\/fr\/formation-installateurs-experts-mydatec\/","url":"https:\/\/www.mydatec.com\/fr\/formation-installateurs-experts-mydatec\/","name":"La formation installateurs experts MyDATEC ! -","isPartOf":{"@id":"https:\/\/www.mydatec.com\/fr\/#website"},"primaryImageOfPage":{"@id":"https:\/\/www.mydatec.com\/fr\/formation-installateurs-experts-mydatec\/#primaryimage"},"image":{"@id":"https:\/\/www.mydatec.com\/fr\/formation-installateurs-experts-mydatec\/#primaryimage"},"thumbnailUrl":"https:\/\/www.mydatec.com\/wp-content\/uploads\/2014\/12\/formation-equilibrage-debit.jpg","datePublished":"2014-12-03T17:34:19+00:00","dateModified":"2020-04-14T22:21:25+00:00","description":"Une formation propos\u00e9e aux installateurs experts MyDATEC sur la VMC double flux thermodynamique, ventilation, chauffage, rafraichissement, pompe \u00e0 chaleur.","breadcrumb":{"@id":"https:\/\/www.mydatec.com\/fr\/formation-installateurs-experts-mydatec\/#breadcrumb"},"inLanguage":"fr-FR","potentialAction":[{"@type":"ReadAction","target":["https:\/\/www.mydatec.com\/fr\/formation-installateurs-experts-mydatec\/"]}]},{"@type":"ImageObject","inLanguage":"fr-FR","@id":"https:\/\/www.mydatec.com\/fr\/formation-installateurs-experts-mydatec\/#primaryimage","url":"https:\/\/www.mydatec.com\/wp-content\/uploads\/2014\/12\/formation-equilibrage-debit.jpg","contentUrl":"https:\/\/www.mydatec.com\/wp-content\/uploads\/2014\/12\/formation-equilibrage-debit.jpg","width":500,"height":375,"caption":"formation-equilibrage-debit"},{"@type":"BreadcrumbList","@id":"https:\/\/www.mydatec.com\/fr\/formation-installateurs-experts-mydatec\/#breadcrumb","itemListElement":[{"@type":"ListItem","position":1,"name":"Accueil","item":"https:\/\/www.mydatec.com\/fr\/"},{"@type":"ListItem","position":2,"name":"La formation installateurs experts MyDATEC !"}]},{"@type":"WebSite","@id":"https:\/\/www.mydatec.com\/fr\/#website","url":"https:\/\/www.mydatec.com\/fr\/","name":"MyDATEC","description":"La solution thermodynamique","publisher":{"@id":"https:\/\/www.mydatec.com\/fr\/#organization"},"potentialAction":[{"@type":"SearchAction","target":{"@type":"EntryPoint","urlTemplate":"https:\/\/www.mydatec.com\/fr\/?s={search_term_string}"},"query-input":{"@type":"PropertyValueSpecification","valueRequired":true,"valueName":"search_term_string"}}],"inLanguage":"fr-FR"},{"@type":"Organization","@id":"https:\/\/www.mydatec.com\/fr\/#organization","name":"MyDatec","url":"https:\/\/www.mydatec.com\/fr\/","logo":{"@type":"ImageObject","inLanguage":"fr-FR","@id":"https:\/\/www.mydatec.com\/fr\/#\/schema\/logo\/image\/","url":"https:\/\/www.mydatec.com\/wp-content\/uploads\/2022\/01\/logo-mydatec.jpg","contentUrl":"https:\/\/www.mydatec.com\/wp-content\/uploads\/2022\/01\/logo-mydatec.jpg","width":434,"height":351,"caption":"MyDatec"},"image":{"@id":"https:\/\/www.mydatec.com\/fr\/#\/schema\/logo\/image\/"},"sameAs":["http:\/\/www.linkedin.com\/in\/MyDATEC"]},{"@type":"Person","@id":"https:\/\/www.mydatec.com\/fr\/#\/schema\/person\/8a955a8b03b4633336dc88624c72d23b","name":"Adesio","image":{"@type":"ImageObject","inLanguage":"fr-FR","@id":"https:\/\/secure.gravatar.com\/avatar\/911c38bd1b055d215e9e723f8cf5cf6e0410081766de691ba1ac706711e62d6c?s=96&d=mm&r=g","url":"https:\/\/secure.gravatar.com\/avatar\/911c38bd1b055d215e9e723f8cf5cf6e0410081766de691ba1ac706711e62d6c?s=96&d=mm&r=g","contentUrl":"https:\/\/secure.gravatar.com\/avatar\/911c38bd1b055d215e9e723f8cf5cf6e0410081766de691ba1ac706711e62d6c?s=96&d=mm&r=g","caption":"Adesio"}}]}},"_links":{"self":[{"href":"https:\/\/www.mydatec.com\/fr\/wp-json\/wp\/v2\/posts\/2651","targetHints":{"allow":["GET"]}}],"collection":[{"href":"https:\/\/www.mydatec.com\/fr\/wp-json\/wp\/v2\/posts"}],"about":[{"href":"https:\/\/www.mydatec.com\/fr\/wp-json\/wp\/v2\/types\/post"}],"author":[{"embeddable":true,"href":"https:\/\/www.mydatec.com\/fr\/wp-json\/wp\/v2\/users\/6"}],"replies":[{"embeddable":true,"href":"https:\/\/www.mydatec.com\/fr\/wp-json\/wp\/v2\/comments?post=2651"}],"version-history":[{"count":5,"href":"https:\/\/www.mydatec.com\/fr\/wp-json\/wp\/v2\/posts\/2651\/revisions"}],"predecessor-version":[{"id":6092,"href":"https:\/\/www.mydatec.com\/fr\/wp-json\/wp\/v2\/posts\/2651\/revisions\/6092"}],"wp:featuredmedia":[{"embeddable":true,"href":"https:\/\/www.mydatec.com\/fr\/wp-json\/wp\/v2\/media\/2653"}],"wp:attachment":[{"href":"https:\/\/www.mydatec.com\/fr\/wp-json\/wp\/v2\/media?parent=2651"}],"wp:term":[{"taxonomy":"category","embeddable":true,"href":"https:\/\/www.mydatec.com\/fr\/wp-json\/wp\/v2\/categories?post=2651"},{"taxonomy":"post_tag","embeddable":true,"href":"https:\/\/www.mydatec.com\/fr\/wp-json\/wp\/v2\/tags?post=2651"}],"curies":[{"name":"wp","href":"https:\/\/api.w.org\/{rel}","templated":true}]}}