{"id":2412,"date":"2014-07-09T10:05:41","date_gmt":"2014-07-09T09:05:41","guid":{"rendered":"https:\/\/www.mydatec.com\/?p=2412"},"modified":"2020-04-14T23:21:26","modified_gmt":"2020-04-14T22:21:26","slug":"qualite-de-lair-interieur-dans-les-etablissements-scolaires","status":"publish","type":"post","link":"https:\/\/www.mydatec.com\/fr\/qualite-de-lair-interieur-dans-les-etablissements-scolaires\/","title":{"rendered":"Qualit\u00e9 de l&rsquo;air int\u00e9rieur dans les \u00e9tablissements scolaires : des avanc\u00e9es imminentes"},"content":{"rendered":"<p>Depuis fin 2011, la surveillance de la <a title=\"MyDATEC, qualit\u00e9 de l'air\" href=\"https:\/\/www.mydatec.com\/principe-vmc-thermodynamique\/qualite-de-lair\/\">qualit\u00e9 de l\u2019air int\u00e9rieur<\/a> est devenue une obligation l\u00e9gale dans l\u2019ensemble des b\u00e2timents recevant du public (ERP) et donc les \u00e9tablissements scolaires. Avant janvier 2015, les \u00e9tablissements recevant des enfants de moins de six ans (\u00e9coles maternelles, cr\u00e8ches) devraient avoir r\u00e9alis\u00e9 deux campagnes de mesure, avec et sans chauffage des locaux. \u00c9lus, responsables d\u00e9cideurs des collectivit\u00e9s, acteurs de la vie publique, architectes et ma\u00eetres d\u2019ouvrage doivent donc d\u00e8s \u00e0 pr\u00e9sent prendre en compte cette obligation et y apporter une r\u00e9ponse efficace et pertinente.<\/p>\n<div id=\"attachment_2418\" style=\"width: 650px\" class=\"wp-caption alignnone\"><a title=\"Lire l'article complet VMC thermodynamique MyDATEC \u00e9cole fili\u00e8re 3e\" href=\"https:\/\/www.filiere-3e.fr\/2014\/06\/28\/qualite-lair-les-etablissements-scolaires-avancees-imminentes\/\"><img decoding=\"async\" aria-describedby=\"caption-attachment-2418\" class=\" wp-image-2418 \" src=\"https:\/\/www.mydatec.com\/wp-content\/uploads\/2014\/07\/VMC-thermodynamique-MyDATEC-dans-les-ecoles.jpg\" alt=\"VMC thermodynamique MyDATEC \u00e9cole Qualit\u00e9 de l'air int\u00e9rieur\" width=\"640\" height=\"375\"><\/a><p id=\"caption-attachment-2418\" class=\"wp-caption-text\">Qualit\u00e9 de l&rsquo;air int\u00e9rieur \u00e0 l&rsquo;\u00e9cole !<\/p><\/div>\n<p>Retrouvez l&rsquo;article publi\u00e9 ce mois ci dans la revue \u00ab\u00a0J3e, Pour la gestion active du b\u00e2timent tertiaire, industriel et collectif\u00a0\u00bb, traitant de la <a title=\"Observatoire de la qualit\u00e9 de l'air int\u00e9rieur\" href=\"https:\/\/www.oqai.fr\/ModernHomePage.aspx\">qualit\u00e9 de l&rsquo;air int\u00e9rieur<\/a> dans les \u00e9tablissements scolaires, et dans lequel la <a title=\"comment \u00e7a arche?\" href=\"https:\/\/www.mydatec.com\/principe-vmc-thermodynamique\/machine-comment-ca-marche\/\">VMC thermodynamique <\/a>MyDATEC est mis \u00e0 l&rsquo;honneur.<\/p>\n<p>VOIR L ARTICLE COMPLET:&nbsp;<a href=\"https:\/\/www.mydatec.com\/wp-content\/uploads\/2014\/07\/Article-qualite-de-lair.pdf\">Qualit\u00e9 de l&rsquo;air int\u00e9rieur dans les \u00e9tablissements scolaires : des avanc\u00e9es imminentes&nbsp;<\/a><\/p>\n<p>Retrouvez des extraits de cet article sur le site&nbsp;<a href=\"https:\/\/www.filiere-3e.fr\/2014\/06\/28\/qualite-lair-les-etablissements-scolaires-avancees-imminentes\/\">www.filiere-3e.fr<\/a><\/p>\n<p>MyDATEC \u00e9quipe d\u00e9j\u00e0 des \u00e9coles, des bureaux, des salons de coiffure, des locaux de m\u00e9decine g\u00e9n\u00e9rale et dentaire \u2026 et de nombreux b\u00e2timents pour de multiples applications tertiaires.<\/p>\n<div>\n<h2>La qualit\u00e9 de l&rsquo;air int\u00e9rieur, une priorit\u00e9 MyDATEC<\/h2>\n<p><span style=\"font-family: arial, helvetica, sans-serif;\"><strong>Le concept MyDATEC se base sur deux principes majeurs<\/strong>&nbsp;:<\/span><\/p>\n<ul>\n<li>Des d\u00e9bits d\u2019air&nbsp;ma\u00eetris\u00e9s&nbsp;et r\u00e9glables en permanence indispensables en espaces confin\u00e9s pour une bonne qualit\u00e9 de l&rsquo;air int\u00e9rieur<\/li>\n<li>Le transfert d\u2019\u00e9nergie calorifique et frigorifique \u00e0 partir des sources internes de chaleur (les \u00e9l\u00e8ves dans une salle de classe par exemple)<\/li>\n<\/ul>\n<p>Ainsi, plus les besoins de ventilation sont importants, plus on profite de la performance de la <a title=\"principe d'une pompe \u00e0 chaleur\" href=\"https:\/\/www.mydatec.com\/principe-dune-pompe-a-chaleur\/\">pompe \u00e0 chaleur sur air extrait<\/a>. C\u2019est pourquoi, nos produits sont tr\u00e8s adapt\u00e9s aux espaces confin\u00e9s \u00e0 forte activit\u00e9 humaine, tels que les salles de classe des \u00e9coles, les bureaux, les salles de conf\u00e9rence, salles d\u2019attentes \u2026 ou les besoins de ventilation sont tr\u00e8s importants.<\/p>\n<p>Choisir MyDATEC dans des applications tertiaire telles que des bureaux, des \u00e9coles, des cabinets m\u00e9dicaux, de petits locaux commerciaux c\u2019est b\u00e9n\u00e9ficier :<\/p>\n<ul>\n<li>Le meilleur taux de r\u00e9cup\u00e9ration sur air extrait du march\u00e9<\/li>\n<li>D\u2019une VMC efficace et d\u00e9centralis\u00e9e (1 r\u00e9seau ind\u00e9pendant par salle, pas de r\u00e9seaux a\u00e9rauliques traversant)<\/li>\n<li>D\u2019un appoint tr\u00e8s r\u00e9actif gr\u00e2ce \u00e0 la r\u00e9gulation de la puissance de chauffage et rafra\u00eechissement d\u00e9livr\u00e9e \u00e0 l\u2019air neuf \u00e0 partir de l\u2019air extrait<\/li>\n<\/ul>\n<\/div>\n<p>Pour en savoir plus sur nos solutions de VMC thermodynamiques d\u00e9di\u00e9es aux&nbsp;<a title=\"VMC thermodynamique application tertiaire\" href=\"https:\/\/www.mydatec.com\/applications-vmc-thermodynamique\/tertiaire-vmc-mydatec\/\">applications type petits locaux tertiaires<\/a>,&nbsp;<a title=\"contacter MyDATEC\" href=\"https:\/\/www.mydatec.com\/mydatec-demande-de-devis-vmc\/\">contactez nous<\/a><\/p>\n<p>&nbsp;<\/p>\n","protected":false},"excerpt":{"rendered":"<p>Depuis fin 2011, la surveillance de la qualit\u00e9 de l\u2019air int\u00e9rieur est devenue une obligation l\u00e9gale dans l\u2019ensemble des b\u00e2timents recevant du public (ERP) et  [&#8230;]<\/p>\n","protected":false},"author":6,"featured_media":2415,"comment_status":"closed","ping_status":"open","sticky":false,"template":"","format":"standard","meta":{"footnotes":""},"categories":[1],"tags":[],"class_list":["post-2412","post","type-post","status-publish","format-standard","has-post-thumbnail","hentry","category-non-classifiee"],"yoast_head":"<!-- This site is optimized with the Yoast SEO plugin v27.5 - https:\/\/yoast.com\/product\/yoast-seo-wordpress\/ -->\n<title>Qualit\u00e9 de l&#039;air dans les \u00e9tablissements scolaires - MyDATEC<\/title>\n<meta name=\"description\" content=\"La surveillance de la qualit\u00e9 de l&#039;air int\u00e9rieur est devenue une obligation l\u00e9gale dans l\u2019ensemble des b\u00e2timents recevant du public (ERP) et donc les \u00e9tablissements scolaires.\" \/>\n<meta name=\"robots\" content=\"index, follow, max-snippet:-1, max-image-preview:large, max-video-preview:-1\" \/>\n<link rel=\"canonical\" href=\"https:\/\/www.mydatec.com\/fr\/qualite-de-lair-interieur-dans-les-etablissements-scolaires\/\" \/>\n<meta property=\"og:locale\" content=\"fr_FR\" \/>\n<meta property=\"og:type\" content=\"article\" \/>\n<meta property=\"og:title\" content=\"Qualit\u00e9 de l&#039;air dans les \u00e9tablissements scolaires - MyDATEC\" \/>\n<meta property=\"og:description\" content=\"La surveillance de la qualit\u00e9 de l&#039;air int\u00e9rieur est devenue une obligation l\u00e9gale dans l\u2019ensemble des b\u00e2timents recevant du public (ERP) et donc les \u00e9tablissements scolaires.\" \/>\n<meta property=\"og:url\" content=\"https:\/\/www.mydatec.com\/fr\/qualite-de-lair-interieur-dans-les-etablissements-scolaires\/\" \/>\n<meta property=\"og:site_name\" content=\"MyDATEC\" \/>\n<meta property=\"article:published_time\" content=\"2014-07-09T09:05:41+00:00\" \/>\n<meta property=\"article:modified_time\" content=\"2020-04-14T22:21:26+00:00\" \/>\n<meta property=\"og:image\" content=\"https:\/\/www.mydatec.com\/wp-content\/uploads\/2014\/07\/Photo-enfant-\u00e9cole.jpg\" \/>\n\t<meta property=\"og:image:width\" content=\"2465\" \/>\n\t<meta property=\"og:image:height\" content=\"1563\" \/>\n\t<meta property=\"og:image:type\" content=\"image\/jpeg\" \/>\n<meta name=\"author\" content=\"Adesio\" \/>\n<meta name=\"twitter:label1\" content=\"\u00c9crit par\" \/>\n\t<meta name=\"twitter:data1\" content=\"Adesio\" \/>\n\t<meta name=\"twitter:label2\" content=\"Dur\u00e9e de lecture estim\u00e9e\" \/>\n\t<meta name=\"twitter:data2\" content=\"2 minutes\" \/>\n<script type=\"application\/ld+json\" class=\"yoast-schema-graph\">{\"@context\":\"https:\\\/\\\/schema.org\",\"@graph\":[{\"@type\":\"Article\",\"@id\":\"https:\\\/\\\/www.mydatec.com\\\/fr\\\/qualite-de-lair-interieur-dans-les-etablissements-scolaires\\\/#article\",\"isPartOf\":{\"@id\":\"https:\\\/\\\/www.mydatec.com\\\/fr\\\/qualite-de-lair-interieur-dans-les-etablissements-scolaires\\\/\"},\"author\":{\"name\":\"Adesio\",\"@id\":\"https:\\\/\\\/www.mydatec.com\\\/fr\\\/#\\\/schema\\\/person\\\/8a955a8b03b4633336dc88624c72d23b\"},\"headline\":\"Qualit\u00e9 de l&rsquo;air int\u00e9rieur dans les \u00e9tablissements scolaires : des avanc\u00e9es imminentes\",\"datePublished\":\"2014-07-09T09:05:41+00:00\",\"dateModified\":\"2020-04-14T22:21:26+00:00\",\"mainEntityOfPage\":{\"@id\":\"https:\\\/\\\/www.mydatec.com\\\/fr\\\/qualite-de-lair-interieur-dans-les-etablissements-scolaires\\\/\"},\"wordCount\":493,\"publisher\":{\"@id\":\"https:\\\/\\\/www.mydatec.com\\\/fr\\\/#organization\"},\"image\":{\"@id\":\"https:\\\/\\\/www.mydatec.com\\\/fr\\\/qualite-de-lair-interieur-dans-les-etablissements-scolaires\\\/#primaryimage\"},\"thumbnailUrl\":\"https:\\\/\\\/www.mydatec.com\\\/wp-content\\\/uploads\\\/2014\\\/07\\\/Photo-enfant-\u00e9cole.jpg\",\"articleSection\":[\"Non classifi\u00e9(e)\"],\"inLanguage\":\"fr-FR\"},{\"@type\":\"WebPage\",\"@id\":\"https:\\\/\\\/www.mydatec.com\\\/fr\\\/qualite-de-lair-interieur-dans-les-etablissements-scolaires\\\/\",\"url\":\"https:\\\/\\\/www.mydatec.com\\\/fr\\\/qualite-de-lair-interieur-dans-les-etablissements-scolaires\\\/\",\"name\":\"Qualit\u00e9 de l'air dans les \u00e9tablissements scolaires - MyDATEC\",\"isPartOf\":{\"@id\":\"https:\\\/\\\/www.mydatec.com\\\/fr\\\/#website\"},\"primaryImageOfPage\":{\"@id\":\"https:\\\/\\\/www.mydatec.com\\\/fr\\\/qualite-de-lair-interieur-dans-les-etablissements-scolaires\\\/#primaryimage\"},\"image\":{\"@id\":\"https:\\\/\\\/www.mydatec.com\\\/fr\\\/qualite-de-lair-interieur-dans-les-etablissements-scolaires\\\/#primaryimage\"},\"thumbnailUrl\":\"https:\\\/\\\/www.mydatec.com\\\/wp-content\\\/uploads\\\/2014\\\/07\\\/Photo-enfant-\u00e9cole.jpg\",\"datePublished\":\"2014-07-09T09:05:41+00:00\",\"dateModified\":\"2020-04-14T22:21:26+00:00\",\"description\":\"La surveillance de la qualit\u00e9 de l'air int\u00e9rieur est devenue une obligation l\u00e9gale dans l\u2019ensemble des b\u00e2timents recevant du public (ERP) et donc les \u00e9tablissements scolaires.\",\"breadcrumb\":{\"@id\":\"https:\\\/\\\/www.mydatec.com\\\/fr\\\/qualite-de-lair-interieur-dans-les-etablissements-scolaires\\\/#breadcrumb\"},\"inLanguage\":\"fr-FR\",\"potentialAction\":[{\"@type\":\"ReadAction\",\"target\":[\"https:\\\/\\\/www.mydatec.com\\\/fr\\\/qualite-de-lair-interieur-dans-les-etablissements-scolaires\\\/\"]}]},{\"@type\":\"ImageObject\",\"inLanguage\":\"fr-FR\",\"@id\":\"https:\\\/\\\/www.mydatec.com\\\/fr\\\/qualite-de-lair-interieur-dans-les-etablissements-scolaires\\\/#primaryimage\",\"url\":\"https:\\\/\\\/www.mydatec.com\\\/wp-content\\\/uploads\\\/2014\\\/07\\\/Photo-enfant-\u00e9cole.jpg\",\"contentUrl\":\"https:\\\/\\\/www.mydatec.com\\\/wp-content\\\/uploads\\\/2014\\\/07\\\/Photo-enfant-\u00e9cole.jpg\",\"width\":2465,\"height\":1563,\"caption\":\"Qualit\u00e9 de l'air \u00e0 l'\u00e9cole !\"},{\"@type\":\"BreadcrumbList\",\"@id\":\"https:\\\/\\\/www.mydatec.com\\\/fr\\\/qualite-de-lair-interieur-dans-les-etablissements-scolaires\\\/#breadcrumb\",\"itemListElement\":[{\"@type\":\"ListItem\",\"position\":1,\"name\":\"Accueil\",\"item\":\"https:\\\/\\\/www.mydatec.com\\\/fr\\\/\"},{\"@type\":\"ListItem\",\"position\":2,\"name\":\"Qualit\u00e9 de l&rsquo;air int\u00e9rieur dans les \u00e9tablissements scolaires : des avanc\u00e9es imminentes\"}]},{\"@type\":\"WebSite\",\"@id\":\"https:\\\/\\\/www.mydatec.com\\\/fr\\\/#website\",\"url\":\"https:\\\/\\\/www.mydatec.com\\\/fr\\\/\",\"name\":\"MyDATEC\",\"description\":\"La solution thermodynamique\",\"publisher\":{\"@id\":\"https:\\\/\\\/www.mydatec.com\\\/fr\\\/#organization\"},\"potentialAction\":[{\"@type\":\"SearchAction\",\"target\":{\"@type\":\"EntryPoint\",\"urlTemplate\":\"https:\\\/\\\/www.mydatec.com\\\/fr\\\/?s={search_term_string}\"},\"query-input\":{\"@type\":\"PropertyValueSpecification\",\"valueRequired\":true,\"valueName\":\"search_term_string\"}}],\"inLanguage\":\"fr-FR\"},{\"@type\":\"Organization\",\"@id\":\"https:\\\/\\\/www.mydatec.com\\\/fr\\\/#organization\",\"name\":\"MyDatec\",\"url\":\"https:\\\/\\\/www.mydatec.com\\\/fr\\\/\",\"logo\":{\"@type\":\"ImageObject\",\"inLanguage\":\"fr-FR\",\"@id\":\"https:\\\/\\\/www.mydatec.com\\\/fr\\\/#\\\/schema\\\/logo\\\/image\\\/\",\"url\":\"https:\\\/\\\/www.mydatec.com\\\/wp-content\\\/uploads\\\/2022\\\/01\\\/logo-mydatec.jpg\",\"contentUrl\":\"https:\\\/\\\/www.mydatec.com\\\/wp-content\\\/uploads\\\/2022\\\/01\\\/logo-mydatec.jpg\",\"width\":434,\"height\":351,\"caption\":\"MyDatec\"},\"image\":{\"@id\":\"https:\\\/\\\/www.mydatec.com\\\/fr\\\/#\\\/schema\\\/logo\\\/image\\\/\"},\"sameAs\":[\"http:\\\/\\\/www.linkedin.com\\\/in\\\/MyDATEC\"]},{\"@type\":\"Person\",\"@id\":\"https:\\\/\\\/www.mydatec.com\\\/fr\\\/#\\\/schema\\\/person\\\/8a955a8b03b4633336dc88624c72d23b\",\"name\":\"Adesio\",\"image\":{\"@type\":\"ImageObject\",\"inLanguage\":\"fr-FR\",\"@id\":\"https:\\\/\\\/secure.gravatar.com\\\/avatar\\\/911c38bd1b055d215e9e723f8cf5cf6e0410081766de691ba1ac706711e62d6c?s=96&d=mm&r=g\",\"url\":\"https:\\\/\\\/secure.gravatar.com\\\/avatar\\\/911c38bd1b055d215e9e723f8cf5cf6e0410081766de691ba1ac706711e62d6c?s=96&d=mm&r=g\",\"contentUrl\":\"https:\\\/\\\/secure.gravatar.com\\\/avatar\\\/911c38bd1b055d215e9e723f8cf5cf6e0410081766de691ba1ac706711e62d6c?s=96&d=mm&r=g\",\"caption\":\"Adesio\"}}]}<\/script>\n<!-- \/ Yoast SEO plugin. -->","yoast_head_json":{"title":"Qualit\u00e9 de l'air dans les \u00e9tablissements scolaires - MyDATEC","description":"La surveillance de la qualit\u00e9 de l'air int\u00e9rieur est devenue une obligation l\u00e9gale dans l\u2019ensemble des b\u00e2timents recevant du public (ERP) et donc les \u00e9tablissements scolaires.","robots":{"index":"index","follow":"follow","max-snippet":"max-snippet:-1","max-image-preview":"max-image-preview:large","max-video-preview":"max-video-preview:-1"},"canonical":"https:\/\/www.mydatec.com\/fr\/qualite-de-lair-interieur-dans-les-etablissements-scolaires\/","og_locale":"fr_FR","og_type":"article","og_title":"Qualit\u00e9 de l'air dans les \u00e9tablissements scolaires - MyDATEC","og_description":"La surveillance de la qualit\u00e9 de l'air int\u00e9rieur est devenue une obligation l\u00e9gale dans l\u2019ensemble des b\u00e2timents recevant du public (ERP) et donc les \u00e9tablissements scolaires.","og_url":"https:\/\/www.mydatec.com\/fr\/qualite-de-lair-interieur-dans-les-etablissements-scolaires\/","og_site_name":"MyDATEC","article_published_time":"2014-07-09T09:05:41+00:00","article_modified_time":"2020-04-14T22:21:26+00:00","og_image":[{"width":2465,"height":1563,"url":"https:\/\/www.mydatec.com\/wp-content\/uploads\/2014\/07\/Photo-enfant-\u00e9cole.jpg","type":"image\/jpeg"}],"author":"Adesio","twitter_misc":{"\u00c9crit par":"Adesio","Dur\u00e9e de lecture estim\u00e9e":"2 minutes"},"schema":{"@context":"https:\/\/schema.org","@graph":[{"@type":"Article","@id":"https:\/\/www.mydatec.com\/fr\/qualite-de-lair-interieur-dans-les-etablissements-scolaires\/#article","isPartOf":{"@id":"https:\/\/www.mydatec.com\/fr\/qualite-de-lair-interieur-dans-les-etablissements-scolaires\/"},"author":{"name":"Adesio","@id":"https:\/\/www.mydatec.com\/fr\/#\/schema\/person\/8a955a8b03b4633336dc88624c72d23b"},"headline":"Qualit\u00e9 de l&rsquo;air int\u00e9rieur dans les \u00e9tablissements scolaires : des avanc\u00e9es imminentes","datePublished":"2014-07-09T09:05:41+00:00","dateModified":"2020-04-14T22:21:26+00:00","mainEntityOfPage":{"@id":"https:\/\/www.mydatec.com\/fr\/qualite-de-lair-interieur-dans-les-etablissements-scolaires\/"},"wordCount":493,"publisher":{"@id":"https:\/\/www.mydatec.com\/fr\/#organization"},"image":{"@id":"https:\/\/www.mydatec.com\/fr\/qualite-de-lair-interieur-dans-les-etablissements-scolaires\/#primaryimage"},"thumbnailUrl":"https:\/\/www.mydatec.com\/wp-content\/uploads\/2014\/07\/Photo-enfant-\u00e9cole.jpg","articleSection":["Non classifi\u00e9(e)"],"inLanguage":"fr-FR"},{"@type":"WebPage","@id":"https:\/\/www.mydatec.com\/fr\/qualite-de-lair-interieur-dans-les-etablissements-scolaires\/","url":"https:\/\/www.mydatec.com\/fr\/qualite-de-lair-interieur-dans-les-etablissements-scolaires\/","name":"Qualit\u00e9 de l'air dans les \u00e9tablissements scolaires - MyDATEC","isPartOf":{"@id":"https:\/\/www.mydatec.com\/fr\/#website"},"primaryImageOfPage":{"@id":"https:\/\/www.mydatec.com\/fr\/qualite-de-lair-interieur-dans-les-etablissements-scolaires\/#primaryimage"},"image":{"@id":"https:\/\/www.mydatec.com\/fr\/qualite-de-lair-interieur-dans-les-etablissements-scolaires\/#primaryimage"},"thumbnailUrl":"https:\/\/www.mydatec.com\/wp-content\/uploads\/2014\/07\/Photo-enfant-\u00e9cole.jpg","datePublished":"2014-07-09T09:05:41+00:00","dateModified":"2020-04-14T22:21:26+00:00","description":"La surveillance de la qualit\u00e9 de l'air int\u00e9rieur est devenue une obligation l\u00e9gale dans l\u2019ensemble des b\u00e2timents recevant du public (ERP) et donc les \u00e9tablissements scolaires.","breadcrumb":{"@id":"https:\/\/www.mydatec.com\/fr\/qualite-de-lair-interieur-dans-les-etablissements-scolaires\/#breadcrumb"},"inLanguage":"fr-FR","potentialAction":[{"@type":"ReadAction","target":["https:\/\/www.mydatec.com\/fr\/qualite-de-lair-interieur-dans-les-etablissements-scolaires\/"]}]},{"@type":"ImageObject","inLanguage":"fr-FR","@id":"https:\/\/www.mydatec.com\/fr\/qualite-de-lair-interieur-dans-les-etablissements-scolaires\/#primaryimage","url":"https:\/\/www.mydatec.com\/wp-content\/uploads\/2014\/07\/Photo-enfant-\u00e9cole.jpg","contentUrl":"https:\/\/www.mydatec.com\/wp-content\/uploads\/2014\/07\/Photo-enfant-\u00e9cole.jpg","width":2465,"height":1563,"caption":"Qualit\u00e9 de l'air \u00e0 l'\u00e9cole !"},{"@type":"BreadcrumbList","@id":"https:\/\/www.mydatec.com\/fr\/qualite-de-lair-interieur-dans-les-etablissements-scolaires\/#breadcrumb","itemListElement":[{"@type":"ListItem","position":1,"name":"Accueil","item":"https:\/\/www.mydatec.com\/fr\/"},{"@type":"ListItem","position":2,"name":"Qualit\u00e9 de l&rsquo;air int\u00e9rieur dans les \u00e9tablissements scolaires : des avanc\u00e9es imminentes"}]},{"@type":"WebSite","@id":"https:\/\/www.mydatec.com\/fr\/#website","url":"https:\/\/www.mydatec.com\/fr\/","name":"MyDATEC","description":"La solution thermodynamique","publisher":{"@id":"https:\/\/www.mydatec.com\/fr\/#organization"},"potentialAction":[{"@type":"SearchAction","target":{"@type":"EntryPoint","urlTemplate":"https:\/\/www.mydatec.com\/fr\/?s={search_term_string}"},"query-input":{"@type":"PropertyValueSpecification","valueRequired":true,"valueName":"search_term_string"}}],"inLanguage":"fr-FR"},{"@type":"Organization","@id":"https:\/\/www.mydatec.com\/fr\/#organization","name":"MyDatec","url":"https:\/\/www.mydatec.com\/fr\/","logo":{"@type":"ImageObject","inLanguage":"fr-FR","@id":"https:\/\/www.mydatec.com\/fr\/#\/schema\/logo\/image\/","url":"https:\/\/www.mydatec.com\/wp-content\/uploads\/2022\/01\/logo-mydatec.jpg","contentUrl":"https:\/\/www.mydatec.com\/wp-content\/uploads\/2022\/01\/logo-mydatec.jpg","width":434,"height":351,"caption":"MyDatec"},"image":{"@id":"https:\/\/www.mydatec.com\/fr\/#\/schema\/logo\/image\/"},"sameAs":["http:\/\/www.linkedin.com\/in\/MyDATEC"]},{"@type":"Person","@id":"https:\/\/www.mydatec.com\/fr\/#\/schema\/person\/8a955a8b03b4633336dc88624c72d23b","name":"Adesio","image":{"@type":"ImageObject","inLanguage":"fr-FR","@id":"https:\/\/secure.gravatar.com\/avatar\/911c38bd1b055d215e9e723f8cf5cf6e0410081766de691ba1ac706711e62d6c?s=96&d=mm&r=g","url":"https:\/\/secure.gravatar.com\/avatar\/911c38bd1b055d215e9e723f8cf5cf6e0410081766de691ba1ac706711e62d6c?s=96&d=mm&r=g","contentUrl":"https:\/\/secure.gravatar.com\/avatar\/911c38bd1b055d215e9e723f8cf5cf6e0410081766de691ba1ac706711e62d6c?s=96&d=mm&r=g","caption":"Adesio"}}]}},"_links":{"self":[{"href":"https:\/\/www.mydatec.com\/fr\/wp-json\/wp\/v2\/posts\/2412","targetHints":{"allow":["GET"]}}],"collection":[{"href":"https:\/\/www.mydatec.com\/fr\/wp-json\/wp\/v2\/posts"}],"about":[{"href":"https:\/\/www.mydatec.com\/fr\/wp-json\/wp\/v2\/types\/post"}],"author":[{"embeddable":true,"href":"https:\/\/www.mydatec.com\/fr\/wp-json\/wp\/v2\/users\/6"}],"replies":[{"embeddable":true,"href":"https:\/\/www.mydatec.com\/fr\/wp-json\/wp\/v2\/comments?post=2412"}],"version-history":[{"count":5,"href":"https:\/\/www.mydatec.com\/fr\/wp-json\/wp\/v2\/posts\/2412\/revisions"}],"predecessor-version":[{"id":6034,"href":"https:\/\/www.mydatec.com\/fr\/wp-json\/wp\/v2\/posts\/2412\/revisions\/6034"}],"wp:featuredmedia":[{"embeddable":true,"href":"https:\/\/www.mydatec.com\/fr\/wp-json\/wp\/v2\/media\/2415"}],"wp:attachment":[{"href":"https:\/\/www.mydatec.com\/fr\/wp-json\/wp\/v2\/media?parent=2412"}],"wp:term":[{"taxonomy":"category","embeddable":true,"href":"https:\/\/www.mydatec.com\/fr\/wp-json\/wp\/v2\/categories?post=2412"},{"taxonomy":"post_tag","embeddable":true,"href":"https:\/\/www.mydatec.com\/fr\/wp-json\/wp\/v2\/tags?post=2412"}],"curies":[{"name":"wp","href":"https:\/\/api.w.org\/{rel}","templated":true}]}}