{"id":1798,"date":"2013-06-24T13:33:51","date_gmt":"2013-06-24T12:33:51","guid":{"rendered":"https:\/\/www.mydatec.com\/?p=1798"},"modified":"2020-04-14T23:21:27","modified_gmt":"2020-04-14T22:21:27","slug":"mydatec-la-vmc-thermodynamique-membre-du-cluster-rhone-alpes-depuis-2011","status":"publish","type":"post","link":"https:\/\/www.mydatec.com\/fr\/mydatec-la-vmc-thermodynamique-membre-du-cluster-rhone-alpes-depuis-2011\/","title":{"rendered":"Mydatec la VMC thermodynamique, membre du cluster Rh\u00f4ne Alpes depuis 2011"},"content":{"rendered":"<p>Membre du Cluster depuis 2011, Mydatec la VMC thermodynamique, a r\u00e9cemment r\u00e9pondu \u00e0 une interview pour la newsletter du <a href=\"https:\/\/www.ecoenergies-cluster.fr\/\" target=\"_blank\" rel=\"noopener noreferrer\">cluster \u00e9co-\u00e9nergies<\/a>:<\/p>\n<p>&nbsp;<\/p>\n<div id=\"attachment_1799\" style=\"width: 970px\" class=\"wp-caption aligncenter\"><img decoding=\"async\" aria-describedby=\"caption-attachment-1799\" class=\"wp-image-1799 size-full\" src=\"https:\/\/www.mydatec.com\/wp-content\/uploads\/2013\/06\/cluster.png\" alt=\"Mydatec membre du cluster\" width=\"960\" height=\"200\" srcset=\"https:\/\/www.mydatec.com\/wp-content\/uploads\/2013\/06\/cluster-31x6.png 31w, https:\/\/www.mydatec.com\/wp-content\/uploads\/2013\/06\/cluster-38x7.png 38w, https:\/\/www.mydatec.com\/wp-content\/uploads\/2013\/06\/cluster-148x30.png 148w, https:\/\/www.mydatec.com\/wp-content\/uploads\/2013\/06\/cluster-300x62.png 300w, https:\/\/www.mydatec.com\/wp-content\/uploads\/2013\/06\/cluster-425x88.png 425w, https:\/\/www.mydatec.com\/wp-content\/uploads\/2013\/06\/cluster.png 960w\" sizes=\"(max-width: 960px) 100vw, 960px\" \/><p id=\"caption-attachment-1799\" class=\"wp-caption-text\">Mydatec membre du cluster<\/p><\/div>\n<p>MyDatec a trois actionnaires, Yann Fouquet dirigeant (en photo), Fran\u00e7ois Lavogiez , Ad\u00e8le de Vom\u00e9court. Cette derni\u00e8re pr\u00e9sente la soci\u00e9t\u00e9.<\/p>\n<p>&nbsp;<\/p>\n<h3>&#8211; Comment la soci\u00e9t\u00e9 MYDATEC a-t-elle \u00e9t\u00e9 cr\u00e9\u00e9e&nbsp;?<\/h3>\n<p>&nbsp;<\/p>\n<p>N\u00e9e de la reprise&nbsp; en 2010 de la soci\u00e9t\u00e9 GAC qui s\u2019\u00e9tait sp\u00e9cialis\u00e9e depuis une vingtaine d\u2019ann\u00e9es dans les \u00e9nergies renouvelables, MyDatec fabrique et commercialise un produit bien sp\u00e9cifique&nbsp;: la VMC thermodynamique.<br \/>\nA l\u2019\u00e9poque, Alain Berthier et Xavier Faurite, avaient mis au point la VMC thermodynamique de marque DATEC (Dardilly Technologie). La technologie aujourd\u2019hui commercialis\u00e9e sous la marque Mydatec, a beaucoup \u00e9volu\u00e9&nbsp; pour s\u2019adapter au march\u00e9 de la maison RT2012.<\/p>\n<p>Mydatec a fait un choix audacieux en prenant le pari de concentrer 100% de son activit\u00e9 sur le segment de la VMC thermodynamique. Un pari qui s\u2019est r\u00e9v\u00e9l\u00e9 payant puisque l\u2019entreprise peut aujourd\u2019hui faire valoir d\u2019une expertise reconnue dans la ma\u00eetrise de cette technologie.<\/p>\n<p>Persuad\u00e9s que la VMC thermodynamique est LA solution d\u2019avenir pour le chauffage, la ventilation et le rafra\u00eechissement des maisons BBC et passives, nous avons repris la soci\u00e9t\u00e9 GAC en 2010, \u00e0 trois actionnaires&nbsp;: Yann Fouquet dirigeant, Francois Lavogiez ing\u00e9nieur R&amp;D, et moi-m\u00eame qui suis aussi ing\u00e9nieur. Nous avons suivi Yann Fouquet et moi-m\u00eame&nbsp; le Mast\u00e8re sp\u00e9cialis\u00e9 HEC-entrepreneurs.<\/p>\n<p>Yann Fouquet&nbsp; qui b\u00e9n\u00e9ficie d\u2019une solide exp\u00e9rience industrielle dirige par ailleurs l\u2019entreprise M\u00e9tal D\u00e9ploy\u00e9 Resistor, sp\u00e9cialis\u00e9e dans les r\u00e9sistances de grosses puissances, situ\u00e9e \u00e0 Montbard en C\u00f4te d\u2019Or.<br \/>\nCes syst\u00e8mes de fabrication fran\u00e7aise sont parmi les plus performants du march\u00e9. D\u00e9tenteur de nombreux brevets dans le domaine de la VMC double flux nouvelle g\u00e9n\u00e9ration, MyDatec dispose d\u2019une cellule R&amp;D dirig\u00e9e par Francois Lavogiez, dont la collaboration \u00e9troite avec plusieurs laboratoires, lui assure d\u2019\u00eatre en permanence \u00e0 la pointe des derni\u00e8res avanc\u00e9es technologiques en mati\u00e8re de g\u00e9nie climatique et d\u2019\u00e9nergies renouvelables.<\/p>\n<h3><a href=\"https:\/\/www.mydatec.com\/principe-vmc-thermodynamique\/machine-comment-ca-marche\/\">&#8211; En quoi&nbsp; ce produit&nbsp; consiste-t-il?<\/a><\/h3>\n<p>Adapt\u00e9 \u00e0 des espaces de type r\u00e9sidentiels, mais aussi petit tertiaire jusqu\u2019\u00e0 300m2, le syst\u00e8me compact de ventilation double flux&nbsp; MyDatec associe ventilation, chauffage et rafraichissement actif du logement.<br \/>\nLe syst\u00e8me double flux est coupl\u00e9 \u00e0 un r\u00e9cup\u00e9rateur thermodynamique ou \u00ab&nbsp; pompe \u00e0 chaleur sur air extrait \u00bb. Quand un double flux classique tente de conserver la chaleur int\u00e9rieure de mani\u00e8re passive, la VMC thermodynamique MyDATEC fournie de l\u2019\u00e9nergie calorifique issue du recyclage actif de l\u2019\u00e9nergie contenue dans l\u2019air extrait, et r\u00e9gule de mani\u00e8re active la temp\u00e9rature du logement, avec un coefficient de performance allant jusqu\u2019\u00e0 5 \u00e0 -7\u00b0C ext\u00e9rieur (COP PAC = 5\u00e0 -7\u00b0C).<br \/>\nPour les maisons \u00e0 faibles d\u00e9perditions thermiques, la VMC thermodynamique permet d\u2019assurer le confort thermique ad\u00e9quat toute l\u2019ann\u00e9e en consommant 5 fois d\u2019\u00e9nergie qu\u2019un chauffage \u00e9lectrique.<\/p>\n<p>La VMC thermodynamique permet aussi de faire le choix de la qualit\u00e9 de l\u2019air int\u00e9rieur, sans renoncer aux \u00e9conomies d\u2019\u00e9nergie. En effet, gr\u00e2ce \u00e0 la r\u00e9cup\u00e9ration de chaleur sur l\u2019air extrait, on n\u2019a plus peur de ventiler&nbsp;! Parmi les 4 000 maisons d\u00e9j\u00e0 \u00e9quip\u00e9es de Mydatec en France, les utilisateurs nous font part de leur extr\u00eame satisfaction quant au confort de vivre dans une maison particuli\u00e8rement saine.<\/p>\n<h3><a href=\"https:\/\/www.mydatec.com\/principe-vmc-thermodynamique\/economie-denergie\/\">&#8211; Quelle est la particularit\u00e9 du rendement de la VMC thermodynamique MyDATEC&nbsp;?<\/a><\/h3>\n<p>Plus il fait froid, plus son COP augmente&nbsp;! Le principe de r\u00e9cup\u00e9ration sur l\u2019air extrait est particuli\u00e8rement performant car la temp\u00e9rature int\u00e9rieure du b\u00e2timent est elle-m\u00eame assez stable. Ce fonctionnement stabilis\u00e9 permet au syst\u00e8me MyDATEC d\u2019\u00eatre optimis\u00e9 pour le point de fonctionnement nominal&nbsp; (les autres syst\u00e8mes de pompe \u00e0 chaleur travaillent sur l\u2019air ext\u00e9rieur et doivent fonctionner avec des diff\u00e9rentiels de temp\u00e9rature importants). C\u2019est pourquoi, contrairement aux autres pompes \u00e0 chaleur du march\u00e9,&nbsp; le syst\u00e8me MyDATEC voit son COP ou Coefficient de Performance augmenter, au fur et \u00e0 mesure que la temp\u00e9rature ext\u00e9rieure descend.<\/p>\n<p>Notre syst\u00e8me est valid\u00e9 par des tests r\u00e9alis\u00e9s au CETIAT. Ces tests nous permettent d\u2019obtenir pour cet \u00e9quipement un \u00ab&nbsp;Titre 5&nbsp;\u00bb,&nbsp; une homologation qui permet aux constructeurs de r\u00e9aliser les calculs RT 2012 pour nos \u00e9quipements.<\/p>\n<h3><a href=\"https:\/\/www.mydatec.com\/applications-vmc-thermodynamique\/\">&#8211; Quels sont les applications des Ventilations Double Flux Thermodynamiques Mydatec&nbsp;?<\/a><\/h3>\n<p>Nos VMC thermodynamiques sont adapt\u00e9es \u00e0 des locaux d\u2019une surface de 80 \u00e0 250 m\u00e8tres carr\u00e9s environ. Les applications sont principalement l\u2019habitat individuel, mais aussi les petites surfaces tertiaires. Par exemple, nos \u00e9quipements sont tr\u00e8s souvent prescrits par des Bureaux d\u2019Etudes&nbsp; Fluides,&nbsp; qui les utilisent pour traiter des salles de classe de mani\u00e8re d\u00e9centralis\u00e9e. En effet, non seulement cela leur permet de simplifier le r\u00e9seau a\u00e9raulique qui doit respecter les normes coupe-feu, mais surtout, c\u2019est un appoint r\u00e9actif tr\u00e8s appr\u00e9ci\u00e9e dans les surfaces \u00e0 fortes activit\u00e9s humaines o\u00f9 les besoins de ventilation sont importants et donc la r\u00e9cup\u00e9ration thermodynamique sur air extrait particuli\u00e8rement int\u00e9ressante.<\/p>\n<p>La particularit\u00e9 de Mydatec, c\u2019est aussi que chaque projet fait l\u2019objet d\u2019une \u00e9tude technique d\u00e9di\u00e9e assur\u00e9e par nos techniciens. Notre&nbsp; chiffre d\u2019affaires&nbsp; est \u00e0 80% issu de la commercialisation de VMC thermodynamiques MyDATEC en kit \u00ab&nbsp;pr\u00eat \u00e0 poser&nbsp;\u00bb, compos\u00e9s de la centrale param\u00e9tr\u00e9e et du r\u00e9seau a\u00e9raulique, calorifug\u00e9 et fabriqu\u00e9 sur mesure pour chaque chantiers dans nos ateliers.&nbsp;\u00bb<\/p>\n<h3><a href=\"https:\/\/www.mydatec.com\/partenaires\/\">&#8211; Quels sont vos partenaires&nbsp;?<\/a><\/h3>\n<p>La force de Mydatec, s\u2019est d\u2019arriver \u00e0 solidifier en permanence un r\u00e9seau national d\u2019installateurs sp\u00e9cialis\u00e9s et form\u00e9s par nos soins.<br \/>\nNos partenaires sont de plus en plus nombreux. Par exemple des enseignes comme LA POSTE, s\u2019appuient sur nos produits pour la r\u00e9novation de leurs locaux.<br \/>\nParmi les prescripteurs, on retrouve les architectes, les maitres d\u2019\u0153uvre, les bureaux d\u2019\u00e9tudes, et nous cherchons continuellement des interlocuteurs pour nous aider \u00e0 faire connaitre le concept de VMC thermodynamique comme une solution alternative aux autres types de&nbsp; VMC.<\/p>\n<p><a title=\"nous contacter\" href=\"https:\/\/www.mydatec.com\/mydatec-demande-de-devis-vmc\/\">Pour les contacter&nbsp;:<\/a><\/p>\n<p>MyDATEC<br \/>\n42 chemin de Moulin Carron<br \/>\n69570 Dardilly<br \/>\nT\u00e9l :&nbsp;&nbsp;&nbsp; 04 78 66 07 07<br \/>\nFax :&nbsp;&nbsp;&nbsp; 04 78 66 43 77<br \/>\nE-mail :&nbsp;&nbsp;&nbsp; contact@mydatec.com<br \/>\n<a href=\"https:\/\/www.mydatec.com\/\" target=\"_blank\" rel=\"noopener noreferrer\">www.mydatec.com\/fr\/<\/a><\/p>\n<h4><\/h4>\n","protected":false},"excerpt":{"rendered":"<p>Membre du Cluster depuis 2011, Mydatec la VMC thermodynamique, a r\u00e9cemment r\u00e9pondu \u00e0 une interview pour la newsletter du cluster \u00e9co-\u00e9nergies: &nbsp; MyDatec a trois  [&#8230;]<\/p>\n","protected":false},"author":6,"featured_media":1800,"comment_status":"closed","ping_status":"open","sticky":false,"template":"","format":"standard","meta":{"footnotes":""},"categories":[6],"tags":[],"class_list":["post-1798","post","type-post","status-publish","format-standard","has-post-thumbnail","hentry","category-mydatec-news"],"yoast_head":"<!-- This site is optimized with the Yoast SEO plugin v27.5 - https:\/\/yoast.com\/product\/yoast-seo-wordpress\/ -->\n<title>Mydatec la VMC thermodynamique, membre du cluster Rh\u00f4ne Alpes depuis 2011<\/title>\n<meta name=\"description\" content=\"Membre du Cluster depuis 2011, Mydatec la VMC thermodynamique a r\u00e9cemment r\u00e9pondu \u00e0 une interview pour la newsletter du cluster \u00e9co-\u00e9nergies\" \/>\n<meta name=\"robots\" content=\"index, follow, max-snippet:-1, max-image-preview:large, max-video-preview:-1\" \/>\n<link rel=\"canonical\" href=\"https:\/\/www.mydatec.com\/fr\/mydatec-la-vmc-thermodynamique-membre-du-cluster-rhone-alpes-depuis-2011\/\" \/>\n<meta property=\"og:locale\" content=\"fr_FR\" \/>\n<meta property=\"og:type\" content=\"article\" \/>\n<meta property=\"og:title\" content=\"Mydatec la VMC thermodynamique, membre du cluster Rh\u00f4ne Alpes depuis 2011\" \/>\n<meta property=\"og:description\" content=\"Membre du Cluster depuis 2011, Mydatec a r\u00e9cemment r\u00e9pondu \u00e0 une interview pour la newsletter du cluster \u00e9co-\u00e9nergies:\" \/>\n<meta property=\"og:url\" content=\"https:\/\/www.mydatec.com\/fr\/mydatec-la-vmc-thermodynamique-membre-du-cluster-rhone-alpes-depuis-2011\/\" \/>\n<meta property=\"og:site_name\" content=\"MyDATEC\" \/>\n<meta property=\"article:published_time\" content=\"2013-06-24T12:33:51+00:00\" \/>\n<meta property=\"article:modified_time\" content=\"2020-04-14T22:21:27+00:00\" \/>\n<meta property=\"og:image\" content=\"https:\/\/www.mydatec.com\/wp-content\/uploads\/2013\/06\/rhones-alpes.jpg\" \/>\n\t<meta property=\"og:image:width\" content=\"474\" \/>\n\t<meta property=\"og:image:height\" content=\"92\" \/>\n\t<meta property=\"og:image:type\" content=\"image\/jpeg\" \/>\n<meta name=\"author\" content=\"Adesio\" \/>\n<meta name=\"twitter:label1\" content=\"\u00c9crit par\" \/>\n\t<meta name=\"twitter:data1\" content=\"Adesio\" \/>\n\t<meta name=\"twitter:label2\" content=\"Dur\u00e9e de lecture estim\u00e9e\" \/>\n\t<meta name=\"twitter:data2\" content=\"6 minutes\" \/>\n<script type=\"application\/ld+json\" class=\"yoast-schema-graph\">{\"@context\":\"https:\\\/\\\/schema.org\",\"@graph\":[{\"@type\":\"Article\",\"@id\":\"https:\\\/\\\/www.mydatec.com\\\/fr\\\/mydatec-la-vmc-thermodynamique-membre-du-cluster-rhone-alpes-depuis-2011\\\/#article\",\"isPartOf\":{\"@id\":\"https:\\\/\\\/www.mydatec.com\\\/fr\\\/mydatec-la-vmc-thermodynamique-membre-du-cluster-rhone-alpes-depuis-2011\\\/\"},\"author\":{\"name\":\"Adesio\",\"@id\":\"https:\\\/\\\/www.mydatec.com\\\/fr\\\/#\\\/schema\\\/person\\\/8a955a8b03b4633336dc88624c72d23b\"},\"headline\":\"Mydatec la VMC thermodynamique, membre du cluster Rh\u00f4ne Alpes depuis 2011\",\"datePublished\":\"2013-06-24T12:33:51+00:00\",\"dateModified\":\"2020-04-14T22:21:27+00:00\",\"mainEntityOfPage\":{\"@id\":\"https:\\\/\\\/www.mydatec.com\\\/fr\\\/mydatec-la-vmc-thermodynamique-membre-du-cluster-rhone-alpes-depuis-2011\\\/\"},\"wordCount\":1139,\"publisher\":{\"@id\":\"https:\\\/\\\/www.mydatec.com\\\/fr\\\/#organization\"},\"image\":{\"@id\":\"https:\\\/\\\/www.mydatec.com\\\/fr\\\/mydatec-la-vmc-thermodynamique-membre-du-cluster-rhone-alpes-depuis-2011\\\/#primaryimage\"},\"thumbnailUrl\":\"https:\\\/\\\/www.mydatec.com\\\/wp-content\\\/uploads\\\/2013\\\/06\\\/rhones-alpes.jpg\",\"articleSection\":[\"MyDatec News\"],\"inLanguage\":\"fr-FR\"},{\"@type\":\"WebPage\",\"@id\":\"https:\\\/\\\/www.mydatec.com\\\/fr\\\/mydatec-la-vmc-thermodynamique-membre-du-cluster-rhone-alpes-depuis-2011\\\/\",\"url\":\"https:\\\/\\\/www.mydatec.com\\\/fr\\\/mydatec-la-vmc-thermodynamique-membre-du-cluster-rhone-alpes-depuis-2011\\\/\",\"name\":\"Mydatec la VMC thermodynamique, membre du cluster Rh\u00f4ne Alpes depuis 2011\",\"isPartOf\":{\"@id\":\"https:\\\/\\\/www.mydatec.com\\\/fr\\\/#website\"},\"primaryImageOfPage\":{\"@id\":\"https:\\\/\\\/www.mydatec.com\\\/fr\\\/mydatec-la-vmc-thermodynamique-membre-du-cluster-rhone-alpes-depuis-2011\\\/#primaryimage\"},\"image\":{\"@id\":\"https:\\\/\\\/www.mydatec.com\\\/fr\\\/mydatec-la-vmc-thermodynamique-membre-du-cluster-rhone-alpes-depuis-2011\\\/#primaryimage\"},\"thumbnailUrl\":\"https:\\\/\\\/www.mydatec.com\\\/wp-content\\\/uploads\\\/2013\\\/06\\\/rhones-alpes.jpg\",\"datePublished\":\"2013-06-24T12:33:51+00:00\",\"dateModified\":\"2020-04-14T22:21:27+00:00\",\"description\":\"Membre du Cluster depuis 2011, Mydatec la VMC thermodynamique a r\u00e9cemment r\u00e9pondu \u00e0 une interview pour la newsletter du cluster \u00e9co-\u00e9nergies\",\"breadcrumb\":{\"@id\":\"https:\\\/\\\/www.mydatec.com\\\/fr\\\/mydatec-la-vmc-thermodynamique-membre-du-cluster-rhone-alpes-depuis-2011\\\/#breadcrumb\"},\"inLanguage\":\"fr-FR\",\"potentialAction\":[{\"@type\":\"ReadAction\",\"target\":[\"https:\\\/\\\/www.mydatec.com\\\/fr\\\/mydatec-la-vmc-thermodynamique-membre-du-cluster-rhone-alpes-depuis-2011\\\/\"]}]},{\"@type\":\"ImageObject\",\"inLanguage\":\"fr-FR\",\"@id\":\"https:\\\/\\\/www.mydatec.com\\\/fr\\\/mydatec-la-vmc-thermodynamique-membre-du-cluster-rhone-alpes-depuis-2011\\\/#primaryimage\",\"url\":\"https:\\\/\\\/www.mydatec.com\\\/wp-content\\\/uploads\\\/2013\\\/06\\\/rhones-alpes.jpg\",\"contentUrl\":\"https:\\\/\\\/www.mydatec.com\\\/wp-content\\\/uploads\\\/2013\\\/06\\\/rhones-alpes.jpg\",\"width\":474,\"height\":92,\"caption\":\"cluster rhone alpes\"},{\"@type\":\"BreadcrumbList\",\"@id\":\"https:\\\/\\\/www.mydatec.com\\\/fr\\\/mydatec-la-vmc-thermodynamique-membre-du-cluster-rhone-alpes-depuis-2011\\\/#breadcrumb\",\"itemListElement\":[{\"@type\":\"ListItem\",\"position\":1,\"name\":\"Accueil\",\"item\":\"https:\\\/\\\/www.mydatec.com\\\/fr\\\/\"},{\"@type\":\"ListItem\",\"position\":2,\"name\":\"Mydatec la VMC thermodynamique, membre du cluster Rh\u00f4ne Alpes depuis 2011\"}]},{\"@type\":\"WebSite\",\"@id\":\"https:\\\/\\\/www.mydatec.com\\\/fr\\\/#website\",\"url\":\"https:\\\/\\\/www.mydatec.com\\\/fr\\\/\",\"name\":\"MyDATEC\",\"description\":\"La solution thermodynamique\",\"publisher\":{\"@id\":\"https:\\\/\\\/www.mydatec.com\\\/fr\\\/#organization\"},\"potentialAction\":[{\"@type\":\"SearchAction\",\"target\":{\"@type\":\"EntryPoint\",\"urlTemplate\":\"https:\\\/\\\/www.mydatec.com\\\/fr\\\/?s={search_term_string}\"},\"query-input\":{\"@type\":\"PropertyValueSpecification\",\"valueRequired\":true,\"valueName\":\"search_term_string\"}}],\"inLanguage\":\"fr-FR\"},{\"@type\":\"Organization\",\"@id\":\"https:\\\/\\\/www.mydatec.com\\\/fr\\\/#organization\",\"name\":\"MyDatec\",\"url\":\"https:\\\/\\\/www.mydatec.com\\\/fr\\\/\",\"logo\":{\"@type\":\"ImageObject\",\"inLanguage\":\"fr-FR\",\"@id\":\"https:\\\/\\\/www.mydatec.com\\\/fr\\\/#\\\/schema\\\/logo\\\/image\\\/\",\"url\":\"https:\\\/\\\/www.mydatec.com\\\/wp-content\\\/uploads\\\/2022\\\/01\\\/logo-mydatec.jpg\",\"contentUrl\":\"https:\\\/\\\/www.mydatec.com\\\/wp-content\\\/uploads\\\/2022\\\/01\\\/logo-mydatec.jpg\",\"width\":434,\"height\":351,\"caption\":\"MyDatec\"},\"image\":{\"@id\":\"https:\\\/\\\/www.mydatec.com\\\/fr\\\/#\\\/schema\\\/logo\\\/image\\\/\"},\"sameAs\":[\"http:\\\/\\\/www.linkedin.com\\\/in\\\/MyDATEC\"]},{\"@type\":\"Person\",\"@id\":\"https:\\\/\\\/www.mydatec.com\\\/fr\\\/#\\\/schema\\\/person\\\/8a955a8b03b4633336dc88624c72d23b\",\"name\":\"Adesio\",\"image\":{\"@type\":\"ImageObject\",\"inLanguage\":\"fr-FR\",\"@id\":\"https:\\\/\\\/secure.gravatar.com\\\/avatar\\\/911c38bd1b055d215e9e723f8cf5cf6e0410081766de691ba1ac706711e62d6c?s=96&d=mm&r=g\",\"url\":\"https:\\\/\\\/secure.gravatar.com\\\/avatar\\\/911c38bd1b055d215e9e723f8cf5cf6e0410081766de691ba1ac706711e62d6c?s=96&d=mm&r=g\",\"contentUrl\":\"https:\\\/\\\/secure.gravatar.com\\\/avatar\\\/911c38bd1b055d215e9e723f8cf5cf6e0410081766de691ba1ac706711e62d6c?s=96&d=mm&r=g\",\"caption\":\"Adesio\"}}]}<\/script>\n<!-- \/ Yoast SEO plugin. -->","yoast_head_json":{"title":"Mydatec la VMC thermodynamique, membre du cluster Rh\u00f4ne Alpes depuis 2011","description":"Membre du Cluster depuis 2011, Mydatec la VMC thermodynamique a r\u00e9cemment r\u00e9pondu \u00e0 une interview pour la newsletter du cluster \u00e9co-\u00e9nergies","robots":{"index":"index","follow":"follow","max-snippet":"max-snippet:-1","max-image-preview":"max-image-preview:large","max-video-preview":"max-video-preview:-1"},"canonical":"https:\/\/www.mydatec.com\/fr\/mydatec-la-vmc-thermodynamique-membre-du-cluster-rhone-alpes-depuis-2011\/","og_locale":"fr_FR","og_type":"article","og_title":"Mydatec la VMC thermodynamique, membre du cluster Rh\u00f4ne Alpes depuis 2011","og_description":"Membre du Cluster depuis 2011, Mydatec a r\u00e9cemment r\u00e9pondu \u00e0 une interview pour la newsletter du cluster \u00e9co-\u00e9nergies:","og_url":"https:\/\/www.mydatec.com\/fr\/mydatec-la-vmc-thermodynamique-membre-du-cluster-rhone-alpes-depuis-2011\/","og_site_name":"MyDATEC","article_published_time":"2013-06-24T12:33:51+00:00","article_modified_time":"2020-04-14T22:21:27+00:00","og_image":[{"width":474,"height":92,"url":"https:\/\/www.mydatec.com\/wp-content\/uploads\/2013\/06\/rhones-alpes.jpg","type":"image\/jpeg"}],"author":"Adesio","twitter_misc":{"\u00c9crit par":"Adesio","Dur\u00e9e de lecture estim\u00e9e":"6 minutes"},"schema":{"@context":"https:\/\/schema.org","@graph":[{"@type":"Article","@id":"https:\/\/www.mydatec.com\/fr\/mydatec-la-vmc-thermodynamique-membre-du-cluster-rhone-alpes-depuis-2011\/#article","isPartOf":{"@id":"https:\/\/www.mydatec.com\/fr\/mydatec-la-vmc-thermodynamique-membre-du-cluster-rhone-alpes-depuis-2011\/"},"author":{"name":"Adesio","@id":"https:\/\/www.mydatec.com\/fr\/#\/schema\/person\/8a955a8b03b4633336dc88624c72d23b"},"headline":"Mydatec la VMC thermodynamique, membre du cluster Rh\u00f4ne Alpes depuis 2011","datePublished":"2013-06-24T12:33:51+00:00","dateModified":"2020-04-14T22:21:27+00:00","mainEntityOfPage":{"@id":"https:\/\/www.mydatec.com\/fr\/mydatec-la-vmc-thermodynamique-membre-du-cluster-rhone-alpes-depuis-2011\/"},"wordCount":1139,"publisher":{"@id":"https:\/\/www.mydatec.com\/fr\/#organization"},"image":{"@id":"https:\/\/www.mydatec.com\/fr\/mydatec-la-vmc-thermodynamique-membre-du-cluster-rhone-alpes-depuis-2011\/#primaryimage"},"thumbnailUrl":"https:\/\/www.mydatec.com\/wp-content\/uploads\/2013\/06\/rhones-alpes.jpg","articleSection":["MyDatec News"],"inLanguage":"fr-FR"},{"@type":"WebPage","@id":"https:\/\/www.mydatec.com\/fr\/mydatec-la-vmc-thermodynamique-membre-du-cluster-rhone-alpes-depuis-2011\/","url":"https:\/\/www.mydatec.com\/fr\/mydatec-la-vmc-thermodynamique-membre-du-cluster-rhone-alpes-depuis-2011\/","name":"Mydatec la VMC thermodynamique, membre du cluster Rh\u00f4ne Alpes depuis 2011","isPartOf":{"@id":"https:\/\/www.mydatec.com\/fr\/#website"},"primaryImageOfPage":{"@id":"https:\/\/www.mydatec.com\/fr\/mydatec-la-vmc-thermodynamique-membre-du-cluster-rhone-alpes-depuis-2011\/#primaryimage"},"image":{"@id":"https:\/\/www.mydatec.com\/fr\/mydatec-la-vmc-thermodynamique-membre-du-cluster-rhone-alpes-depuis-2011\/#primaryimage"},"thumbnailUrl":"https:\/\/www.mydatec.com\/wp-content\/uploads\/2013\/06\/rhones-alpes.jpg","datePublished":"2013-06-24T12:33:51+00:00","dateModified":"2020-04-14T22:21:27+00:00","description":"Membre du Cluster depuis 2011, Mydatec la VMC thermodynamique a r\u00e9cemment r\u00e9pondu \u00e0 une interview pour la newsletter du cluster \u00e9co-\u00e9nergies","breadcrumb":{"@id":"https:\/\/www.mydatec.com\/fr\/mydatec-la-vmc-thermodynamique-membre-du-cluster-rhone-alpes-depuis-2011\/#breadcrumb"},"inLanguage":"fr-FR","potentialAction":[{"@type":"ReadAction","target":["https:\/\/www.mydatec.com\/fr\/mydatec-la-vmc-thermodynamique-membre-du-cluster-rhone-alpes-depuis-2011\/"]}]},{"@type":"ImageObject","inLanguage":"fr-FR","@id":"https:\/\/www.mydatec.com\/fr\/mydatec-la-vmc-thermodynamique-membre-du-cluster-rhone-alpes-depuis-2011\/#primaryimage","url":"https:\/\/www.mydatec.com\/wp-content\/uploads\/2013\/06\/rhones-alpes.jpg","contentUrl":"https:\/\/www.mydatec.com\/wp-content\/uploads\/2013\/06\/rhones-alpes.jpg","width":474,"height":92,"caption":"cluster rhone alpes"},{"@type":"BreadcrumbList","@id":"https:\/\/www.mydatec.com\/fr\/mydatec-la-vmc-thermodynamique-membre-du-cluster-rhone-alpes-depuis-2011\/#breadcrumb","itemListElement":[{"@type":"ListItem","position":1,"name":"Accueil","item":"https:\/\/www.mydatec.com\/fr\/"},{"@type":"ListItem","position":2,"name":"Mydatec la VMC thermodynamique, membre du cluster Rh\u00f4ne Alpes depuis 2011"}]},{"@type":"WebSite","@id":"https:\/\/www.mydatec.com\/fr\/#website","url":"https:\/\/www.mydatec.com\/fr\/","name":"MyDATEC","description":"La solution thermodynamique","publisher":{"@id":"https:\/\/www.mydatec.com\/fr\/#organization"},"potentialAction":[{"@type":"SearchAction","target":{"@type":"EntryPoint","urlTemplate":"https:\/\/www.mydatec.com\/fr\/?s={search_term_string}"},"query-input":{"@type":"PropertyValueSpecification","valueRequired":true,"valueName":"search_term_string"}}],"inLanguage":"fr-FR"},{"@type":"Organization","@id":"https:\/\/www.mydatec.com\/fr\/#organization","name":"MyDatec","url":"https:\/\/www.mydatec.com\/fr\/","logo":{"@type":"ImageObject","inLanguage":"fr-FR","@id":"https:\/\/www.mydatec.com\/fr\/#\/schema\/logo\/image\/","url":"https:\/\/www.mydatec.com\/wp-content\/uploads\/2022\/01\/logo-mydatec.jpg","contentUrl":"https:\/\/www.mydatec.com\/wp-content\/uploads\/2022\/01\/logo-mydatec.jpg","width":434,"height":351,"caption":"MyDatec"},"image":{"@id":"https:\/\/www.mydatec.com\/fr\/#\/schema\/logo\/image\/"},"sameAs":["http:\/\/www.linkedin.com\/in\/MyDATEC"]},{"@type":"Person","@id":"https:\/\/www.mydatec.com\/fr\/#\/schema\/person\/8a955a8b03b4633336dc88624c72d23b","name":"Adesio","image":{"@type":"ImageObject","inLanguage":"fr-FR","@id":"https:\/\/secure.gravatar.com\/avatar\/911c38bd1b055d215e9e723f8cf5cf6e0410081766de691ba1ac706711e62d6c?s=96&d=mm&r=g","url":"https:\/\/secure.gravatar.com\/avatar\/911c38bd1b055d215e9e723f8cf5cf6e0410081766de691ba1ac706711e62d6c?s=96&d=mm&r=g","contentUrl":"https:\/\/secure.gravatar.com\/avatar\/911c38bd1b055d215e9e723f8cf5cf6e0410081766de691ba1ac706711e62d6c?s=96&d=mm&r=g","caption":"Adesio"}}]}},"_links":{"self":[{"href":"https:\/\/www.mydatec.com\/fr\/wp-json\/wp\/v2\/posts\/1798","targetHints":{"allow":["GET"]}}],"collection":[{"href":"https:\/\/www.mydatec.com\/fr\/wp-json\/wp\/v2\/posts"}],"about":[{"href":"https:\/\/www.mydatec.com\/fr\/wp-json\/wp\/v2\/types\/post"}],"author":[{"embeddable":true,"href":"https:\/\/www.mydatec.com\/fr\/wp-json\/wp\/v2\/users\/6"}],"replies":[{"embeddable":true,"href":"https:\/\/www.mydatec.com\/fr\/wp-json\/wp\/v2\/comments?post=1798"}],"version-history":[{"count":5,"href":"https:\/\/www.mydatec.com\/fr\/wp-json\/wp\/v2\/posts\/1798\/revisions"}],"predecessor-version":[{"id":6315,"href":"https:\/\/www.mydatec.com\/fr\/wp-json\/wp\/v2\/posts\/1798\/revisions\/6315"}],"wp:featuredmedia":[{"embeddable":true,"href":"https:\/\/www.mydatec.com\/fr\/wp-json\/wp\/v2\/media\/1800"}],"wp:attachment":[{"href":"https:\/\/www.mydatec.com\/fr\/wp-json\/wp\/v2\/media?parent=1798"}],"wp:term":[{"taxonomy":"category","embeddable":true,"href":"https:\/\/www.mydatec.com\/fr\/wp-json\/wp\/v2\/categories?post=1798"},{"taxonomy":"post_tag","embeddable":true,"href":"https:\/\/www.mydatec.com\/fr\/wp-json\/wp\/v2\/tags?post=1798"}],"curies":[{"name":"wp","href":"https:\/\/api.w.org\/{rel}","templated":true}]}}