{"id":1422,"date":"2013-02-26T12:01:01","date_gmt":"2013-02-26T11:01:01","guid":{"rendered":"https:\/\/www.mydatec.com\/?p=1422"},"modified":"2020-04-14T23:21:29","modified_gmt":"2020-04-14T22:21:29","slug":"un-bon-exemple-dapplication-de-la-vmc-double-flux-thermodynamique-mydatec-en-renovation-temoignage","status":"publish","type":"post","link":"https:\/\/www.mydatec.com\/fr\/un-bon-exemple-dapplication-de-la-vmc-double-flux-thermodynamique-mydatec-en-renovation-temoignage\/","title":{"rendered":"Un bon exemple d&rsquo;application de la VMC double flux thermodynamique MyDATEC en r\u00e9novation: T\u00e9moignage"},"content":{"rendered":"<p>Le syst\u00e8me MyDATEC est surtout mis en avant dans les <a href=\"https:\/\/www.mydatec.com\/applications-vmc-thermodynamique\/mydatec-vmc-maison-neuve\/\">maisons neuves<\/a> BBC et les passives, qui ont peu de besoins de chauffage, et pour lesquelles la VMC thermodynamique et un petit appoint compl\u00e9mentaire suffisent dans la majorit\u00e9 des cas pour chauffer le logement int\u00e9gralement.<\/p>\n<p>Pourtant, Marie et Serges nous donnent ici un bon exemple d\u2019application de <a href=\"https:\/\/www.mydatec.com\/applications-vmc-thermodynamique\/renovation\/\">r\u00e9novatio<\/a>n, ou l\u2019on ne peut pas toujours compter sur une envellope aussi performante que ce qu\u2019il est possible de faire en neuf, mais pour laquelle la VMC thermodynamique MyDATEC peut tout de m\u00eame s\u2019averer \u00eatre un choix judicieux.<\/p>\n<p>Install\u00e9s \u00e0 Champagne au Mont d\u2019Or, pr\u00e8s de Lyon, Marie et Serge ont achet\u00e9 leur maison en 2003.<br \/>\nConstruit en 1947, ce logement bien plac\u00e9 dans un quartier calme et r\u00e9sidentiel, souffrait cependant d\u2019une certaine v\u00e9tust\u00e9. De plus, sa surface habitable ne d\u00e9passait pas les 65 m2.<br \/>\nTrop petit et mal isol\u00e9, le r\u00eave du petit \u00abchez soi\u00bb verdoyant allait-il tourner au cauchemar du plan gal\u00e8re ? C\u2019\u00e9tait sans compter sur l\u2019opini\u00e2tret\u00e9 des nouveaux propri\u00e9taires qui ont mis en place une strat\u00e9gie claire et efficace :<\/p>\n<p>1 &#8211; Exploiter au mieux les parties \u00absecondaires\u00bb en cr\u00e9ant par exemple des chambres dans les combles<\/p>\n<p>2 &#8211; Isoler efficacement la maison avec le remplacement complet des fen\u00eatres et l\u2019isolation du toit<\/p>\n<p>3 &#8211; Optimiser le mode de chauffage en rempla\u00e7ant une chaudi\u00e8re fuel v\u00e9tuste par un tandem chaudi\u00e8re Gaz \/ VMC double flux thermodynamique MyDATEC<\/p>\n<p><img decoding=\"async\" class=\"alignnone size-medium wp-image-1424\" style=\"font-size: 12px;\" src=\"https:\/\/www.mydatec.com\/wp-content\/uploads\/2013\/02\/image-s-greck-2-300x136.png\" alt=\"\" width=\"300\" height=\"136\" srcset=\"https:\/\/www.mydatec.com\/wp-content\/uploads\/2013\/02\/image-s-greck-2-31x14.png 31w, https:\/\/www.mydatec.com\/wp-content\/uploads\/2013\/02\/image-s-greck-2-38x17.png 38w, https:\/\/www.mydatec.com\/wp-content\/uploads\/2013\/02\/image-s-greck-2-148x67.png 148w, https:\/\/www.mydatec.com\/wp-content\/uploads\/2013\/02\/image-s-greck-2-300x136.png 300w, https:\/\/www.mydatec.com\/wp-content\/uploads\/2013\/02\/image-s-greck-2-425x194.png 425w, https:\/\/www.mydatec.com\/wp-content\/uploads\/2013\/02\/image-s-greck-2.png 565w\" sizes=\"(max-width: 300px) 100vw, 300px\" \/><\/p>\n<p>Cette strat\u00e9gie\u00a0en 3 \u00e9tapes a \u00e9t\u00e9 la bonne, puisque la maison compte \u00e0 pr\u00e9sent 110\u00a0m2 de surface habitable <a style=\"font-size: 16px;\" href=\"https:\/\/fr.wikipedia.org\/wiki\/Loi_am%C3%A9liorant_la_protection_des_acqu%C3%A9reurs_de_lots_de_copropri%C3%A9t%C3%A9\">(loi Carrez) <\/a>et un confort thermique vraiment appr\u00e9ciable.<\/p>\n<p><strong>Entre ville et cam<\/strong><strong style=\"font-size: 16px;\">pagne<\/strong><\/p>\n<p>La famille ne regrette donc pas son investissement, et profite chaque jour d\u2019une maison \u00e0 pr\u00e9sent confortable. Disposant d\u2019un petit jardin, l\u2019endroit est accueillant et verdoyant tout en \u00e9tant en zone urbaine. Marie et Serge nous re\u00e7oivent pour nous faire partager leur exp\u00e9rience dans le cadre d\u2019une r\u00e9novation avec l\u2019installation d\u2019une <a href=\"https:\/\/www.mydatec.com\/principe-vmc-thermodynamique\/machine-comment-ca-marche\/\">VMC double flux thermodynamique<\/a> MyDATEC.<\/p>\n<p><strong>Confort thermique-chauffage<\/strong><br \/>\nEn intersaison, le chauffage est assur\u00e9 \u00e0 100% par la VMC thermodynamique MyDATEC, la chaudi\u00e8re gaz ne venant en appui que pendant la saison froide. La r\u00e9partition des pi\u00e8ces \u00e0 vivre a permis \u00e9galement d\u2019optimiser les flux de temp\u00e9rature en mettant les chambres \u00e0 l\u2019\u00e9tage pour profiter de la chaleur qui monte.<\/p>\n<p><strong>Confort therm<\/strong><strong style=\"font-size: 16px;\">ique-rafra\u00eechissement<\/strong><\/p>\n<p>L\u2019\u00e9t\u00e9, le <a href=\"https:\/\/www.mydatec.com\/principe-vmc-thermodynamique\/\">rafra\u00eechissement<\/a> d\u2019air produit par la VMC double flux thermodynamique MyDATEC est d\u00e9di\u00e9 exclusivement aux chambres am\u00e9nag\u00e9es dans les combles isol\u00e9s pour maintenir ainsi une temp\u00e9rature agr\u00e9able de jour comme de nuit.<\/p>\n<p><strong>Qualit\u00e9 d\u2019air<\/strong><br \/>\nUne bonne qualit\u00e9 de <a href=\"https:\/\/www.quelleenergie.fr\/economies-energie\/fenetres-double-triple-vitrage\/\">l\u2019isolation des fen\u00eatre<\/a>s limite les infiltrations d\u2019air dans la maison. Le syst\u00e8me MyDATEC en tant que VMC, apporte le renouvellement d\u2019air n\u00e9cessaire.<br \/>\nIl est purifi\u00e9 : seul un air sain et d\u00e9shumidifi\u00e9 est introduit dans la maison.<\/p>\n<p>Le t\u00e9moignage de Serges : \u00ab La r\u00e9novation, c\u2019est le pile ou face permanent \u00bb<\/p>\n<p><strong>Votre \u00abstrat\u00e9gie r\u00e9no<\/strong><strong style=\"font-size: 16px;\">vation\u00bb incluait-elle l\u2019installation d\u2019une VMC thermodynamique MyDATEC ?<\/strong><\/p>\n<p>o Serge &#8211; Vous savez, j\u2019\u00e9tais d\u00e9j\u00e0 assez occup\u00e9 avec mon changement de chaudi\u00e8re. Le choix d\u2019installer MyDatec, en compl\u00e9ment de notre chaudi\u00e8re gaz, c\u2019est fait en la voyant fonctionner chez un ami.<\/p>\n<p>&nbsp;<\/p>\n<p><strong>Qu\u2019est-ce qui vous a convaincu ?<\/strong><br \/>\no Serge &#8211; J\u2019ai isol\u00e9 compl\u00e8tement ma maison, j\u2019acceptais mal l\u2019id\u00e9e de cr\u00e9er des fentes d\u2019a\u00e9rations sur mes nouvelles fen\u00eatres, pour laisser respirer ma maison. A quoi \u00e7a sert de privil\u00e9gier des produits hyper-isolants si on doit ensuite laisser passer l\u2019air ! Alors l\u2019id\u00e9e d\u2019une VMC double flux m\u2019est venue. Le syst\u00e8me MyDATEC, m\u2019a paru \u00eatre une bonne solution d\u2019une part via son action premi\u00e8re de VMC, et d\u2019autre part gr\u00e2ce \u00e0 son syst\u00e8me de r\u00e9cup\u00e9ration double-flux thermodynamique. Quitte \u00e0 installer des tuyaux autant que je m\u2019emb\u00eate pour quelque chose d\u2019efficace.<\/p>\n<p><strong>Parce que l\u2019installation a \u00e9t\u00e9 difficile ?<\/strong><br \/>\no Serge- Tout c\u2019est parfaitement bien d\u00e9roul\u00e9, pour 2 raisons essentielles : d\u2019abord, le remplacement de ma chaudi\u00e8re Fuel par une chaudi\u00e8re gaz \u00e0 ventouse, m\u2019a lib\u00e9r\u00e9 les conduits de chemin\u00e9e d\u2019\u00e9vacuation. J\u2019ai trouv\u00e9 le chemin id\u00e9al pour grimper du garage aux combles avec arr\u00eat au premier \u00e9tage. De plus le syst\u00e8me MyDATEC est tr\u00e8s compact. Ensuite, on a install\u00e9 certains conduits dans les faux plafonds, ainsi l\u2019installation est quasi invisible, \u00e0 part la cr\u00e9ation d\u2019une corniche de 40 cm de c\u00f4t\u00e9 dans la salle de bains.<\/p>\n<p><strong>Les travaux ont-ils caus\u00e9s des nuisances ?<\/strong><br \/>\no Marie &#8211; Je pense que comme dans tout chantier de r\u00e9novation l\u2019essentiel est dans l\u2019organisation. La mise en place de la VMC thermodynamique a \u00e9t\u00e9 clairement planifi\u00e9e, de ce fait on a pu anticiper les perturbations. Je garde un bon souvenir de cette installation, m\u00eame si je suis une sp\u00e9cialiste de la chasse aux poussi\u00e8res !<\/p>\n<p><strong>Vous ne regrettez rien ?<\/strong><br \/>\no Serge &#8211; Vous savez, la r\u00e9novation c\u2019est le pile ou face permanent. A-t-on fait le bon choix concernant les artisans, les mat\u00e9riaux, le syst\u00e8me de chauffage, \u2026 Je peux vous dire que pour la VMC thermodynamique, je suis toujours aussi satisfait. La qualit\u00e9 de rendement et la discr\u00e9tion de la machine sont de grands atouts pour cette source d\u2019\u00e9nergie \u00e9conomique. Il me suffit d\u2019aller voir mes enfants \u00e0 dormir un soir d\u2019\u00e9t\u00e9 sous les combles pour me rendre compte de l\u2019efficacit\u00e9 de cette machine.<\/p>\n","protected":false},"excerpt":{"rendered":"<p>Le syst\u00e8me MyDATEC est surtout mis en avant dans les maisons neuves BBC et les passives, qui ont peu de besoins de chauffage, et pour  [&#8230;]<\/p>\n","protected":false},"author":6,"featured_media":1423,"comment_status":"closed","ping_status":"open","sticky":false,"template":"","format":"standard","meta":{"footnotes":""},"categories":[6],"tags":[],"class_list":["post-1422","post","type-post","status-publish","format-standard","has-post-thumbnail","hentry","category-mydatec-news"],"yoast_head":"<!-- This site is optimized with the Yoast SEO plugin v27.5 - https:\/\/yoast.com\/product\/yoast-seo-wordpress\/ -->\n<title>Un bon exemple d&#039;application de la VMC double flux thermodynamique MyDATEC en r\u00e9novation: T\u00e9moignage - MyDatec<\/title>\n<meta name=\"description\" content=\"Marie et Serges nous donnent un bon exemple d\u2019application de r\u00e9novation, pour laquelle la VMC thermodynamique MyDATEC peut s\u2019averer \u00eatre un choix judicieux.\" \/>\n<meta name=\"robots\" content=\"index, follow, max-snippet:-1, max-image-preview:large, max-video-preview:-1\" \/>\n<link rel=\"canonical\" href=\"https:\/\/www.mydatec.com\/fr\/un-bon-exemple-dapplication-de-la-vmc-double-flux-thermodynamique-mydatec-en-renovation-temoignage\/\" \/>\n<meta property=\"og:locale\" content=\"fr_FR\" \/>\n<meta property=\"og:type\" content=\"article\" \/>\n<meta property=\"og:title\" content=\"Un bon exemple d&#039;application de la VMC double flux thermodynamique MyDATEC en r\u00e9novation: T\u00e9moignage - MyDatec\" \/>\n<meta property=\"og:description\" content=\"Marie et Serges nous donnent un bon exemple d\u2019application de r\u00e9novation, pour laquelle la VMC thermodynamique MyDATEC peut s\u2019averer \u00eatre un choix judicieux.\" \/>\n<meta property=\"og:url\" content=\"https:\/\/www.mydatec.com\/fr\/un-bon-exemple-dapplication-de-la-vmc-double-flux-thermodynamique-mydatec-en-renovation-temoignage\/\" \/>\n<meta property=\"og:site_name\" content=\"MyDATEC\" \/>\n<meta property=\"article:published_time\" content=\"2013-02-26T11:01:01+00:00\" \/>\n<meta property=\"article:modified_time\" content=\"2020-04-14T22:21:29+00:00\" \/>\n<meta property=\"og:image\" content=\"https:\/\/www.mydatec.com\/wp-content\/uploads\/2013\/02\/image-fiche-sgreck.png\" \/>\n\t<meta property=\"og:image:width\" content=\"457\" \/>\n\t<meta property=\"og:image:height\" content=\"152\" \/>\n\t<meta property=\"og:image:type\" content=\"image\/png\" \/>\n<meta name=\"author\" content=\"Adesio\" \/>\n<meta name=\"twitter:label1\" content=\"\u00c9crit par\" \/>\n\t<meta name=\"twitter:data1\" content=\"Adesio\" \/>\n\t<meta name=\"twitter:label2\" content=\"Dur\u00e9e de lecture estim\u00e9e\" \/>\n\t<meta name=\"twitter:data2\" content=\"5 minutes\" \/>\n<script type=\"application\/ld+json\" class=\"yoast-schema-graph\">{\"@context\":\"https:\\\/\\\/schema.org\",\"@graph\":[{\"@type\":\"Article\",\"@id\":\"https:\\\/\\\/www.mydatec.com\\\/fr\\\/un-bon-exemple-dapplication-de-la-vmc-double-flux-thermodynamique-mydatec-en-renovation-temoignage\\\/#article\",\"isPartOf\":{\"@id\":\"https:\\\/\\\/www.mydatec.com\\\/fr\\\/un-bon-exemple-dapplication-de-la-vmc-double-flux-thermodynamique-mydatec-en-renovation-temoignage\\\/\"},\"author\":{\"name\":\"Adesio\",\"@id\":\"https:\\\/\\\/www.mydatec.com\\\/fr\\\/#\\\/schema\\\/person\\\/8a955a8b03b4633336dc88624c72d23b\"},\"headline\":\"Un bon exemple d&rsquo;application de la VMC double flux thermodynamique MyDATEC en r\u00e9novation: T\u00e9moignage\",\"datePublished\":\"2013-02-26T11:01:01+00:00\",\"dateModified\":\"2020-04-14T22:21:29+00:00\",\"mainEntityOfPage\":{\"@id\":\"https:\\\/\\\/www.mydatec.com\\\/fr\\\/un-bon-exemple-dapplication-de-la-vmc-double-flux-thermodynamique-mydatec-en-renovation-temoignage\\\/\"},\"wordCount\":989,\"publisher\":{\"@id\":\"https:\\\/\\\/www.mydatec.com\\\/fr\\\/#organization\"},\"image\":{\"@id\":\"https:\\\/\\\/www.mydatec.com\\\/fr\\\/un-bon-exemple-dapplication-de-la-vmc-double-flux-thermodynamique-mydatec-en-renovation-temoignage\\\/#primaryimage\"},\"thumbnailUrl\":\"https:\\\/\\\/www.mydatec.com\\\/wp-content\\\/uploads\\\/2013\\\/02\\\/image-fiche-sgreck.png\",\"articleSection\":[\"MyDatec News\"],\"inLanguage\":\"fr-FR\"},{\"@type\":\"WebPage\",\"@id\":\"https:\\\/\\\/www.mydatec.com\\\/fr\\\/un-bon-exemple-dapplication-de-la-vmc-double-flux-thermodynamique-mydatec-en-renovation-temoignage\\\/\",\"url\":\"https:\\\/\\\/www.mydatec.com\\\/fr\\\/un-bon-exemple-dapplication-de-la-vmc-double-flux-thermodynamique-mydatec-en-renovation-temoignage\\\/\",\"name\":\"Un bon exemple d'application de la VMC double flux thermodynamique MyDATEC en r\u00e9novation: T\u00e9moignage - MyDatec\",\"isPartOf\":{\"@id\":\"https:\\\/\\\/www.mydatec.com\\\/fr\\\/#website\"},\"primaryImageOfPage\":{\"@id\":\"https:\\\/\\\/www.mydatec.com\\\/fr\\\/un-bon-exemple-dapplication-de-la-vmc-double-flux-thermodynamique-mydatec-en-renovation-temoignage\\\/#primaryimage\"},\"image\":{\"@id\":\"https:\\\/\\\/www.mydatec.com\\\/fr\\\/un-bon-exemple-dapplication-de-la-vmc-double-flux-thermodynamique-mydatec-en-renovation-temoignage\\\/#primaryimage\"},\"thumbnailUrl\":\"https:\\\/\\\/www.mydatec.com\\\/wp-content\\\/uploads\\\/2013\\\/02\\\/image-fiche-sgreck.png\",\"datePublished\":\"2013-02-26T11:01:01+00:00\",\"dateModified\":\"2020-04-14T22:21:29+00:00\",\"description\":\"Marie et Serges nous donnent un bon exemple d\u2019application de r\u00e9novation, pour laquelle la VMC thermodynamique MyDATEC peut s\u2019averer \u00eatre un choix judicieux.\",\"breadcrumb\":{\"@id\":\"https:\\\/\\\/www.mydatec.com\\\/fr\\\/un-bon-exemple-dapplication-de-la-vmc-double-flux-thermodynamique-mydatec-en-renovation-temoignage\\\/#breadcrumb\"},\"inLanguage\":\"fr-FR\",\"potentialAction\":[{\"@type\":\"ReadAction\",\"target\":[\"https:\\\/\\\/www.mydatec.com\\\/fr\\\/un-bon-exemple-dapplication-de-la-vmc-double-flux-thermodynamique-mydatec-en-renovation-temoignage\\\/\"]}]},{\"@type\":\"ImageObject\",\"inLanguage\":\"fr-FR\",\"@id\":\"https:\\\/\\\/www.mydatec.com\\\/fr\\\/un-bon-exemple-dapplication-de-la-vmc-double-flux-thermodynamique-mydatec-en-renovation-temoignage\\\/#primaryimage\",\"url\":\"https:\\\/\\\/www.mydatec.com\\\/wp-content\\\/uploads\\\/2013\\\/02\\\/image-fiche-sgreck.png\",\"contentUrl\":\"https:\\\/\\\/www.mydatec.com\\\/wp-content\\\/uploads\\\/2013\\\/02\\\/image-fiche-sgreck.png\",\"width\":457,\"height\":152},{\"@type\":\"BreadcrumbList\",\"@id\":\"https:\\\/\\\/www.mydatec.com\\\/fr\\\/un-bon-exemple-dapplication-de-la-vmc-double-flux-thermodynamique-mydatec-en-renovation-temoignage\\\/#breadcrumb\",\"itemListElement\":[{\"@type\":\"ListItem\",\"position\":1,\"name\":\"Accueil\",\"item\":\"https:\\\/\\\/www.mydatec.com\\\/fr\\\/\"},{\"@type\":\"ListItem\",\"position\":2,\"name\":\"Un bon exemple d&rsquo;application de la VMC double flux thermodynamique MyDATEC en r\u00e9novation: T\u00e9moignage\"}]},{\"@type\":\"WebSite\",\"@id\":\"https:\\\/\\\/www.mydatec.com\\\/fr\\\/#website\",\"url\":\"https:\\\/\\\/www.mydatec.com\\\/fr\\\/\",\"name\":\"MyDATEC\",\"description\":\"La solution thermodynamique\",\"publisher\":{\"@id\":\"https:\\\/\\\/www.mydatec.com\\\/fr\\\/#organization\"},\"potentialAction\":[{\"@type\":\"SearchAction\",\"target\":{\"@type\":\"EntryPoint\",\"urlTemplate\":\"https:\\\/\\\/www.mydatec.com\\\/fr\\\/?s={search_term_string}\"},\"query-input\":{\"@type\":\"PropertyValueSpecification\",\"valueRequired\":true,\"valueName\":\"search_term_string\"}}],\"inLanguage\":\"fr-FR\"},{\"@type\":\"Organization\",\"@id\":\"https:\\\/\\\/www.mydatec.com\\\/fr\\\/#organization\",\"name\":\"MyDatec\",\"url\":\"https:\\\/\\\/www.mydatec.com\\\/fr\\\/\",\"logo\":{\"@type\":\"ImageObject\",\"inLanguage\":\"fr-FR\",\"@id\":\"https:\\\/\\\/www.mydatec.com\\\/fr\\\/#\\\/schema\\\/logo\\\/image\\\/\",\"url\":\"https:\\\/\\\/www.mydatec.com\\\/wp-content\\\/uploads\\\/2022\\\/01\\\/logo-mydatec.jpg\",\"contentUrl\":\"https:\\\/\\\/www.mydatec.com\\\/wp-content\\\/uploads\\\/2022\\\/01\\\/logo-mydatec.jpg\",\"width\":434,\"height\":351,\"caption\":\"MyDatec\"},\"image\":{\"@id\":\"https:\\\/\\\/www.mydatec.com\\\/fr\\\/#\\\/schema\\\/logo\\\/image\\\/\"},\"sameAs\":[\"http:\\\/\\\/www.linkedin.com\\\/in\\\/MyDATEC\"]},{\"@type\":\"Person\",\"@id\":\"https:\\\/\\\/www.mydatec.com\\\/fr\\\/#\\\/schema\\\/person\\\/8a955a8b03b4633336dc88624c72d23b\",\"name\":\"Adesio\",\"image\":{\"@type\":\"ImageObject\",\"inLanguage\":\"fr-FR\",\"@id\":\"https:\\\/\\\/secure.gravatar.com\\\/avatar\\\/911c38bd1b055d215e9e723f8cf5cf6e0410081766de691ba1ac706711e62d6c?s=96&d=mm&r=g\",\"url\":\"https:\\\/\\\/secure.gravatar.com\\\/avatar\\\/911c38bd1b055d215e9e723f8cf5cf6e0410081766de691ba1ac706711e62d6c?s=96&d=mm&r=g\",\"contentUrl\":\"https:\\\/\\\/secure.gravatar.com\\\/avatar\\\/911c38bd1b055d215e9e723f8cf5cf6e0410081766de691ba1ac706711e62d6c?s=96&d=mm&r=g\",\"caption\":\"Adesio\"}}]}<\/script>\n<!-- \/ Yoast SEO plugin. -->","yoast_head_json":{"title":"Un bon exemple d'application de la VMC double flux thermodynamique MyDATEC en r\u00e9novation: T\u00e9moignage - MyDatec","description":"Marie et Serges nous donnent un bon exemple d\u2019application de r\u00e9novation, pour laquelle la VMC thermodynamique MyDATEC peut s\u2019averer \u00eatre un choix judicieux.","robots":{"index":"index","follow":"follow","max-snippet":"max-snippet:-1","max-image-preview":"max-image-preview:large","max-video-preview":"max-video-preview:-1"},"canonical":"https:\/\/www.mydatec.com\/fr\/un-bon-exemple-dapplication-de-la-vmc-double-flux-thermodynamique-mydatec-en-renovation-temoignage\/","og_locale":"fr_FR","og_type":"article","og_title":"Un bon exemple d'application de la VMC double flux thermodynamique MyDATEC en r\u00e9novation: T\u00e9moignage - MyDatec","og_description":"Marie et Serges nous donnent un bon exemple d\u2019application de r\u00e9novation, pour laquelle la VMC thermodynamique MyDATEC peut s\u2019averer \u00eatre un choix judicieux.","og_url":"https:\/\/www.mydatec.com\/fr\/un-bon-exemple-dapplication-de-la-vmc-double-flux-thermodynamique-mydatec-en-renovation-temoignage\/","og_site_name":"MyDATEC","article_published_time":"2013-02-26T11:01:01+00:00","article_modified_time":"2020-04-14T22:21:29+00:00","og_image":[{"width":457,"height":152,"url":"https:\/\/www.mydatec.com\/wp-content\/uploads\/2013\/02\/image-fiche-sgreck.png","type":"image\/png"}],"author":"Adesio","twitter_misc":{"\u00c9crit par":"Adesio","Dur\u00e9e de lecture estim\u00e9e":"5 minutes"},"schema":{"@context":"https:\/\/schema.org","@graph":[{"@type":"Article","@id":"https:\/\/www.mydatec.com\/fr\/un-bon-exemple-dapplication-de-la-vmc-double-flux-thermodynamique-mydatec-en-renovation-temoignage\/#article","isPartOf":{"@id":"https:\/\/www.mydatec.com\/fr\/un-bon-exemple-dapplication-de-la-vmc-double-flux-thermodynamique-mydatec-en-renovation-temoignage\/"},"author":{"name":"Adesio","@id":"https:\/\/www.mydatec.com\/fr\/#\/schema\/person\/8a955a8b03b4633336dc88624c72d23b"},"headline":"Un bon exemple d&rsquo;application de la VMC double flux thermodynamique MyDATEC en r\u00e9novation: T\u00e9moignage","datePublished":"2013-02-26T11:01:01+00:00","dateModified":"2020-04-14T22:21:29+00:00","mainEntityOfPage":{"@id":"https:\/\/www.mydatec.com\/fr\/un-bon-exemple-dapplication-de-la-vmc-double-flux-thermodynamique-mydatec-en-renovation-temoignage\/"},"wordCount":989,"publisher":{"@id":"https:\/\/www.mydatec.com\/fr\/#organization"},"image":{"@id":"https:\/\/www.mydatec.com\/fr\/un-bon-exemple-dapplication-de-la-vmc-double-flux-thermodynamique-mydatec-en-renovation-temoignage\/#primaryimage"},"thumbnailUrl":"https:\/\/www.mydatec.com\/wp-content\/uploads\/2013\/02\/image-fiche-sgreck.png","articleSection":["MyDatec News"],"inLanguage":"fr-FR"},{"@type":"WebPage","@id":"https:\/\/www.mydatec.com\/fr\/un-bon-exemple-dapplication-de-la-vmc-double-flux-thermodynamique-mydatec-en-renovation-temoignage\/","url":"https:\/\/www.mydatec.com\/fr\/un-bon-exemple-dapplication-de-la-vmc-double-flux-thermodynamique-mydatec-en-renovation-temoignage\/","name":"Un bon exemple d'application de la VMC double flux thermodynamique MyDATEC en r\u00e9novation: T\u00e9moignage - MyDatec","isPartOf":{"@id":"https:\/\/www.mydatec.com\/fr\/#website"},"primaryImageOfPage":{"@id":"https:\/\/www.mydatec.com\/fr\/un-bon-exemple-dapplication-de-la-vmc-double-flux-thermodynamique-mydatec-en-renovation-temoignage\/#primaryimage"},"image":{"@id":"https:\/\/www.mydatec.com\/fr\/un-bon-exemple-dapplication-de-la-vmc-double-flux-thermodynamique-mydatec-en-renovation-temoignage\/#primaryimage"},"thumbnailUrl":"https:\/\/www.mydatec.com\/wp-content\/uploads\/2013\/02\/image-fiche-sgreck.png","datePublished":"2013-02-26T11:01:01+00:00","dateModified":"2020-04-14T22:21:29+00:00","description":"Marie et Serges nous donnent un bon exemple d\u2019application de r\u00e9novation, pour laquelle la VMC thermodynamique MyDATEC peut s\u2019averer \u00eatre un choix judicieux.","breadcrumb":{"@id":"https:\/\/www.mydatec.com\/fr\/un-bon-exemple-dapplication-de-la-vmc-double-flux-thermodynamique-mydatec-en-renovation-temoignage\/#breadcrumb"},"inLanguage":"fr-FR","potentialAction":[{"@type":"ReadAction","target":["https:\/\/www.mydatec.com\/fr\/un-bon-exemple-dapplication-de-la-vmc-double-flux-thermodynamique-mydatec-en-renovation-temoignage\/"]}]},{"@type":"ImageObject","inLanguage":"fr-FR","@id":"https:\/\/www.mydatec.com\/fr\/un-bon-exemple-dapplication-de-la-vmc-double-flux-thermodynamique-mydatec-en-renovation-temoignage\/#primaryimage","url":"https:\/\/www.mydatec.com\/wp-content\/uploads\/2013\/02\/image-fiche-sgreck.png","contentUrl":"https:\/\/www.mydatec.com\/wp-content\/uploads\/2013\/02\/image-fiche-sgreck.png","width":457,"height":152},{"@type":"BreadcrumbList","@id":"https:\/\/www.mydatec.com\/fr\/un-bon-exemple-dapplication-de-la-vmc-double-flux-thermodynamique-mydatec-en-renovation-temoignage\/#breadcrumb","itemListElement":[{"@type":"ListItem","position":1,"name":"Accueil","item":"https:\/\/www.mydatec.com\/fr\/"},{"@type":"ListItem","position":2,"name":"Un bon exemple d&rsquo;application de la VMC double flux thermodynamique MyDATEC en r\u00e9novation: T\u00e9moignage"}]},{"@type":"WebSite","@id":"https:\/\/www.mydatec.com\/fr\/#website","url":"https:\/\/www.mydatec.com\/fr\/","name":"MyDATEC","description":"La solution thermodynamique","publisher":{"@id":"https:\/\/www.mydatec.com\/fr\/#organization"},"potentialAction":[{"@type":"SearchAction","target":{"@type":"EntryPoint","urlTemplate":"https:\/\/www.mydatec.com\/fr\/?s={search_term_string}"},"query-input":{"@type":"PropertyValueSpecification","valueRequired":true,"valueName":"search_term_string"}}],"inLanguage":"fr-FR"},{"@type":"Organization","@id":"https:\/\/www.mydatec.com\/fr\/#organization","name":"MyDatec","url":"https:\/\/www.mydatec.com\/fr\/","logo":{"@type":"ImageObject","inLanguage":"fr-FR","@id":"https:\/\/www.mydatec.com\/fr\/#\/schema\/logo\/image\/","url":"https:\/\/www.mydatec.com\/wp-content\/uploads\/2022\/01\/logo-mydatec.jpg","contentUrl":"https:\/\/www.mydatec.com\/wp-content\/uploads\/2022\/01\/logo-mydatec.jpg","width":434,"height":351,"caption":"MyDatec"},"image":{"@id":"https:\/\/www.mydatec.com\/fr\/#\/schema\/logo\/image\/"},"sameAs":["http:\/\/www.linkedin.com\/in\/MyDATEC"]},{"@type":"Person","@id":"https:\/\/www.mydatec.com\/fr\/#\/schema\/person\/8a955a8b03b4633336dc88624c72d23b","name":"Adesio","image":{"@type":"ImageObject","inLanguage":"fr-FR","@id":"https:\/\/secure.gravatar.com\/avatar\/911c38bd1b055d215e9e723f8cf5cf6e0410081766de691ba1ac706711e62d6c?s=96&d=mm&r=g","url":"https:\/\/secure.gravatar.com\/avatar\/911c38bd1b055d215e9e723f8cf5cf6e0410081766de691ba1ac706711e62d6c?s=96&d=mm&r=g","contentUrl":"https:\/\/secure.gravatar.com\/avatar\/911c38bd1b055d215e9e723f8cf5cf6e0410081766de691ba1ac706711e62d6c?s=96&d=mm&r=g","caption":"Adesio"}}]}},"_links":{"self":[{"href":"https:\/\/www.mydatec.com\/fr\/wp-json\/wp\/v2\/posts\/1422","targetHints":{"allow":["GET"]}}],"collection":[{"href":"https:\/\/www.mydatec.com\/fr\/wp-json\/wp\/v2\/posts"}],"about":[{"href":"https:\/\/www.mydatec.com\/fr\/wp-json\/wp\/v2\/types\/post"}],"author":[{"embeddable":true,"href":"https:\/\/www.mydatec.com\/fr\/wp-json\/wp\/v2\/users\/6"}],"replies":[{"embeddable":true,"href":"https:\/\/www.mydatec.com\/fr\/wp-json\/wp\/v2\/comments?post=1422"}],"version-history":[{"count":3,"href":"https:\/\/www.mydatec.com\/fr\/wp-json\/wp\/v2\/posts\/1422\/revisions"}],"predecessor-version":[{"id":5172,"href":"https:\/\/www.mydatec.com\/fr\/wp-json\/wp\/v2\/posts\/1422\/revisions\/5172"}],"wp:featuredmedia":[{"embeddable":true,"href":"https:\/\/www.mydatec.com\/fr\/wp-json\/wp\/v2\/media\/1423"}],"wp:attachment":[{"href":"https:\/\/www.mydatec.com\/fr\/wp-json\/wp\/v2\/media?parent=1422"}],"wp:term":[{"taxonomy":"category","embeddable":true,"href":"https:\/\/www.mydatec.com\/fr\/wp-json\/wp\/v2\/categories?post=1422"},{"taxonomy":"post_tag","embeddable":true,"href":"https:\/\/www.mydatec.com\/fr\/wp-json\/wp\/v2\/tags?post=1422"}],"curies":[{"name":"wp","href":"https:\/\/api.w.org\/{rel}","templated":true}]}}